{"id":97646,"date":"2020-01-14T18:22:22","date_gmt":"2020-01-14T18:22:22","guid":{"rendered":"http:\/\/plazajuarez.mx\/index\/index.php\/2020\/01\/14\/un-tejedor-y-disenador-indigena-rompe-estereotipos-en-chiapas\/"},"modified":"2020-01-14T18:22:22","modified_gmt":"2020-01-14T18:22:22","slug":"un-tejedor-y-disenador-indigena-rompe-estereotipos-en-chiapas","status":"publish","type":"post","link":"https:\/\/plazajuarez.mx\/historico\/un-tejedor-y-disenador-indigena-rompe-estereotipos-en-chiapas\/","title":{"rendered":"Un tejedor y dise\u00f1ador ind\u00edgena rompe estereotipos en Chiapas"},"content":{"rendered":"<p>El dise\u00f1ador ind\u00edgena tzotzil rompi\u00f3 con la regla de que esta actividad estaba destinada s\u00f3lo para mujeres, y as\u00ed deshizo los estereotipos de g\u00e9nero.  <!--more--> <\/p>\n<p>  Al aprender a utilizar el telar de cintura, actividad destinada solo para mujeres, un tejedor y dise\u00f1ador ind\u00edgena tzotzil rompi\u00f3 esa regla y, de paso, deshizo los estereotipos de g\u00e9nero en el estado de Chiapas, sureste de M\u00e9xico.<\/p>\n<p>  Durante sus primeros 25 a\u00f1os de vida, Alberto L\u00f3pez G\u00f3mez, ahora un reconocido tejedor y dise\u00f1ador en M\u00e9xico y el mundo, se dedic\u00f3 exclusivamente a trabajar el campo, como dictan los usos y costumbres en la comunidad de Juxt\u00f3n, en el municipio de Aldama, de donde es originario, hasta que le pidi\u00f3 ayuda a su mam\u00e1, Margarita G\u00f3mez Santis, para que le ense\u00f1ara a tejer.<\/p>\n<p>  Su madre, sabiendo la posible tormenta que se vendr\u00eda sobre su hijo, decidi\u00f3 apoyar y alentar a Alberto y, aunque no fue f\u00e1cil, ambos decidieron entonces hacer a un lado los prejuicios y comenzar a tejer a escondidas, a pesar de que ella le record\u00f3 &#8220;que los hombres no tej\u00edan, solo se dedicaban al campo&#8221;.<\/p>\n<p>  <center><iframe loading=\"lazy\" src=\"https:\/\/www.facebook.com\/plugins\/post.php?href=https%3A%2F%2Fwww.facebook.com%2Fdiarioplazajuarez%2Fphotos%2Fa.1544430765773038%2F2476778369204935%2F%3Ftype%3D3&#038;width=500\" width=\"500\" height=\"338\" style=\"border:none;overflow:hidden\" scrolling=\"no\" frameborder=\"0\" allowTransparency=\"true\" allow=\"encrypted-media\"><\/iframe><\/center><\/p>\n<p>  &#8220;La primera que me ense\u00f1\u00f3 fue mi mam\u00e1, me ense\u00f1\u00f3 todo el proceso, despu\u00e9s mis hermanas me ense\u00f1aron a hacer los brocados&#8221;, dijo en entrevista con Efe el tejedor, de 31 a\u00f1os.<\/p>\n<p>  Alberto, el menor de seis hermanos, se defini\u00f3 como un &#8220;tejedor nato y un promotor de la cultura&#8221; de su pueblo y dijo que trabajar el textil es una forma de expresi\u00f3n pues &#8220;cada prenda cuenta una historia&#8221;.<\/p>\n<p>  &#8220;Lo m\u00e1s dif\u00edcil fue vencer la discriminaci\u00f3n (ser estigmatizado por ser tejedor) y migrante, adem\u00e1s la falta de dinero y no hablar el espa\u00f1ol fueron todo los problemas que enfrent\u00f3 en un inicio&#8221;, relat\u00f3.<\/p>\n<p>  Pero tras superar esos obst\u00e1culos, L\u00f3pez G\u00f3mez se revel\u00f3 como un extraordinario tejedor y dise\u00f1ador adem\u00e1s de un l\u00edder para decenas de mujeres especialistas en telar de cintura de su comunidad a quienes ha apoyado para dar a conocer su trabajo.<\/p>\n<p>  &#8220;Mi sue\u00f1o es luchar, apoyar a las compa\u00f1eras, darles trabajo y dar a conocer su trabajo en otros pa\u00edses porque a las compa\u00f1eras de las comunidades aqu\u00ed (en M\u00e9xico) no nos conocen&#8221;, cont\u00f3.<\/p>\n<p>  &#8220;Lo que hacemos es un brocado tejido y todo brocado tiene un significado&#8221;, dijo Alberto al tiempo que explic\u00f3 c\u00f3mo en un huipil puede estar representado el se\u00f1or de la tierra, las cruces representan a la iglesia, las serpientes o el padre y madre, la uni\u00f3n de la pareja y en medio lleva el universo y los cuatro puntos cardinales&#8221;, apunt\u00f3.<\/p>\n<p>  <center><iframe loading=\"lazy\" src=\"https:\/\/www.facebook.com\/plugins\/post.php?href=https%3A%2F%2Fwww.facebook.com%2Fdiarioplazajuarez%2Fphotos%2Fa.1544430765773038%2F2476778382538267%2F%3Ftype%3D3&#038;width=500\" width=\"500\" height=\"338\" style=\"border:none;overflow:hidden\" scrolling=\"no\" frameborder=\"0\" allowTransparency=\"true\" allow=\"encrypted-media\"><\/iframe><\/center><\/p>\n<p>   Con su experiencia de trabajo en telar de cintura, donde comenz\u00f3 hace cinco a\u00f1os, Alberto tambi\u00e9n empez\u00f3 a &#8220;tejer&#8221; una red de m\u00e1s de 150 mujeres, nativas de Aldama, a quienes ayudan a crear los dise\u00f1os que ellas plasman sus prendas.<\/p>\n<p>  En ese grupo es Alberto quien juega y combina colores y dise\u00f1os para que puedan ser comercializados, trabajo que siente es lo que ha marcado la diferencia con otros tejedores de textiles en Chiapas.<\/p>\n<p>  &#8220;Ahora estamos luchando, los estamos logrando con los trabajos que hacemos y demostrando la cultura que tenemos&#8221;, apunt\u00f3 Alberto.<\/p>\n<p>  La tenacidad, la persistencia y la creaci\u00f3n de esa red de tejedoras llamaron la atenci\u00f3n de la Universidad de Harvard, en Boston, Estados Unidos, quienes invitaron a Alberto a mostrar el arte que se ejecuta en Aldama, Chiapas, del 25 de enero al 3 de febrero.<\/p>\n<p>  Adem\u00e1s, sus creaciones tambi\u00e9n podr\u00e1n ser apreciadas en la American Indian Fashion through the Feathers, evento que se celebrar\u00e1 en Nueva York el 2 de febrero.<\/p>\n<p>  Con su marca K&#8217;uxul Pok, Alberto quiere que la vida de las mujeres tejedoras mejore y salgan adelante con sus familias y que los hombres vean que es una oportunidad m\u00e1s de trabajo.<\/p>\n<p>  Una integrante de la red de tejedora, Antonia G\u00f3mez, cont\u00f3 a Efe su entusiasmo por lograr atraer las miradas del mundo hacia el trabajo que est\u00e1n realizando cientos de mujeres que buscan que se valore su trabajo y tambi\u00e9n mejores ingresos.<\/p>\n<p>  &#8220;Los que vean los trabajos que hablen para que tengamos m\u00e1s trabajo. Estamos muy felices y m\u00e1s si tenemos trabajo, nos gusta que les convenza nuestro trabajo, que vean lo bonito de nuestra labor y que pidan m\u00e1s, porque ayudaran a que nuestra familia tenga para comer, la salud y la escuela de nuestros hijos&#8221;, expuso.<\/p>\n<p>  Por su parte, L\u00f3pez G\u00f3mez explic\u00f3 que dependiendo del tama\u00f1o y la complejidad del tejido, los textiles pueden tardar de tres meses hasta un a\u00f1o en estar listos y su costo va de 3.000 a 5.000 pesos (entre 160 y 265 d\u00f3lares).<\/p>\n<p>  Desde hace cinco a\u00f1os, Alberto se instal\u00f3 en San Crist\u00f3bal de Las Casas, donde colabora con algunos colectivos culturales y negocios locales para exponer y comercializar sus dise\u00f1os, adem\u00e1s de impartir talleres para que m\u00e1s personas aprendan el arte del tejido de cintura.<\/p>\n<p>\n","protected":false},"excerpt":{"rendered":"<p>El dise\u00f1ador ind\u00edgena tzotzil rompi\u00f3 con la regla de que esta actividad estaba destinada s\u00f3lo para mujeres, y as\u00ed deshizo los estereotipos de g\u00e9nero.<\/p>\n","protected":false},"author":6,"featured_media":0,"comment_status":"open","ping_status":"open","sticky":false,"template":"","format":"standard","meta":{"footnotes":""},"categories":[36],"tags":[70],"class_list":["post-97646","post","type-post","status-publish","format-standard","hentry","category-nacion","tag-reportaje"],"_links":{"self":[{"href":"https:\/\/plazajuarez.mx\/historico\/wp-json\/wp\/v2\/posts\/97646","targetHints":{"allow":["GET"]}}],"collection":[{"href":"https:\/\/plazajuarez.mx\/historico\/wp-json\/wp\/v2\/posts"}],"about":[{"href":"https:\/\/plazajuarez.mx\/historico\/wp-json\/wp\/v2\/types\/post"}],"author":[{"embeddable":true,"href":"https:\/\/plazajuarez.mx\/historico\/wp-json\/wp\/v2\/users\/6"}],"replies":[{"embeddable":true,"href":"https:\/\/plazajuarez.mx\/historico\/wp-json\/wp\/v2\/comments?post=97646"}],"version-history":[{"count":0,"href":"https:\/\/plazajuarez.mx\/historico\/wp-json\/wp\/v2\/posts\/97646\/revisions"}],"wp:attachment":[{"href":"https:\/\/plazajuarez.mx\/historico\/wp-json\/wp\/v2\/media?parent=97646"}],"wp:term":[{"taxonomy":"category","embeddable":true,"href":"https:\/\/plazajuarez.mx\/historico\/wp-json\/wp\/v2\/categories?post=97646"},{"taxonomy":"post_tag","embeddable":true,"href":"https:\/\/plazajuarez.mx\/historico\/wp-json\/wp\/v2\/tags?post=97646"}],"curies":[{"name":"wp","href":"https:\/\/api.w.org\/{rel}","templated":true}]}}