{"id":97645,"date":"2020-01-14T18:11:03","date_gmt":"2020-01-14T18:11:03","guid":{"rendered":"http:\/\/plazajuarez.mx\/index\/index.php\/2020\/01\/14\/alumno-de-secundaria-bromea-con-desatar-tiroteo-en-monterrey\/"},"modified":"2020-01-14T18:11:03","modified_gmt":"2020-01-14T18:11:03","slug":"alumno-de-secundaria-bromea-con-desatar-tiroteo-en-monterrey","status":"publish","type":"post","link":"https:\/\/plazajuarez.mx\/historico\/alumno-de-secundaria-bromea-con-desatar-tiroteo-en-monterrey\/","title":{"rendered":"Alumno de secundaria bromea con desatar tiroteo en Monterrey"},"content":{"rendered":"<p>Personal de la Secretar\u00eda de Educaci\u00f3n se\u00f1al\u00f3 que por protocolo no se puede minimizar ninguna amenaza de este tipo, aunque resulte una falsa alarma como en este caso, y se procedi\u00f3 a entablar un di\u00e1logo con el alumno y sus padres. <!--more--> <\/p>\n<p>  A trav\u00e9s de redes sociales, un estudiante de la secundaria n\u00famero 29, &#8220;Jaime Torres Bodet&#8221;, amenaz\u00f3 con realizar este martes un tiroteo y &#8220;matar a todos&#8221; en el plantel al tiempo que se\u00f1alaba una serie de nombres de quienes ser\u00edan sus presuntas v\u00edctimas; pero result\u00f3 una broma, que no obstante provoc\u00f3 la movilizaci\u00f3n policiaca, y la intervenci\u00f3n de las autoridades educativas.<\/p>\n<p>  Personal de la Secretar\u00eda de Educaci\u00f3n se\u00f1al\u00f3 que por protocolo no se puede minimizar ninguna amenaza de este tipo, aunque resulte una falsa alarma como en este caso, y se procedi\u00f3 a entablar un di\u00e1logo con el alumno y sus padres, sin que hubiera necesidad de suspender las clases.<\/p>\n<p>  El estudiante hab\u00eda publicado el lunes que este d\u00eda acudir\u00eda a realizar un tiroteo en la escuela porque ya estaba &#8220;harto&#8221; de todos. El mismo d\u00eda fue ubicado por el director de la escuela, que habl\u00f3 con el alumno y con sus padres.<\/p>\n<p>  Esta ma\u00f1ana de martes, no obstante hubo elementos de Fuerza Civil que resguardaron el plantel, y especialistas del \u00e1rea psicosocial de la Secretar\u00eda de Educaci\u00f3n y de Seguridad Escolar de la misma dependencia acudieron para atender el caso.<\/p>\n<p>  La sociedad nuevoleonesa ha sido especialmente sensible a este tipo de situaciones, desde que el 18 de enero de 2017 un estudiante de secundaria del Colegio Americano del Noreste, dispar\u00f3 dentro del grupo contra una maestra y varios alumnos. Como resultado del ataque muri\u00f3 la maestra del grupo, el alumno agresor que se priv\u00f3 de la vida, y tres alumnos resultados heridos, de ellos dos de gravedad.<\/p>\n<p>\n","protected":false},"excerpt":{"rendered":"<p>Personal de la Secretar\u00eda de Educaci\u00f3n se\u00f1al\u00f3 que por protocolo no se puede minimizar ninguna amenaza de este tipo, aunque resulte una falsa alarma como en este caso, y se procedi\u00f3 a entablar un di\u00e1logo con el alumno y sus padres.<\/p>\n","protected":false},"author":6,"featured_media":0,"comment_status":"open","ping_status":"open","sticky":false,"template":"","format":"standard","meta":{"footnotes":""},"categories":[37],"tags":[],"class_list":["post-97645","post","type-post","status-publish","format-standard","hentry","category-barandilla"],"_links":{"self":[{"href":"https:\/\/plazajuarez.mx\/historico\/wp-json\/wp\/v2\/posts\/97645","targetHints":{"allow":["GET"]}}],"collection":[{"href":"https:\/\/plazajuarez.mx\/historico\/wp-json\/wp\/v2\/posts"}],"about":[{"href":"https:\/\/plazajuarez.mx\/historico\/wp-json\/wp\/v2\/types\/post"}],"author":[{"embeddable":true,"href":"https:\/\/plazajuarez.mx\/historico\/wp-json\/wp\/v2\/users\/6"}],"replies":[{"embeddable":true,"href":"https:\/\/plazajuarez.mx\/historico\/wp-json\/wp\/v2\/comments?post=97645"}],"version-history":[{"count":0,"href":"https:\/\/plazajuarez.mx\/historico\/wp-json\/wp\/v2\/posts\/97645\/revisions"}],"wp:attachment":[{"href":"https:\/\/plazajuarez.mx\/historico\/wp-json\/wp\/v2\/media?parent=97645"}],"wp:term":[{"taxonomy":"category","embeddable":true,"href":"https:\/\/plazajuarez.mx\/historico\/wp-json\/wp\/v2\/categories?post=97645"},{"taxonomy":"post_tag","embeddable":true,"href":"https:\/\/plazajuarez.mx\/historico\/wp-json\/wp\/v2\/tags?post=97645"}],"curies":[{"name":"wp","href":"https:\/\/api.w.org\/{rel}","templated":true}]}}