{"id":97644,"date":"2020-01-14T14:51:18","date_gmt":"2020-01-14T14:51:18","guid":{"rendered":"http:\/\/plazajuarez.mx\/index\/index.php\/2020\/01\/14\/avion-presidencial-regresara-a-mexico-no-se-ha-podido-vender\/"},"modified":"2020-01-14T14:51:18","modified_gmt":"2020-01-14T14:51:18","slug":"avion-presidencial-regresara-a-mexico-no-se-ha-podido-vender","status":"publish","type":"post","link":"https:\/\/plazajuarez.mx\/historico\/avion-presidencial-regresara-a-mexico-no-se-ha-podido-vender\/","title":{"rendered":"Avi\u00f3n presidencial regresar\u00e1 a M\u00e9xico, no se ha podido vender"},"content":{"rendered":"<p>El avi\u00f3n regresar\u00e1 a M\u00e9xico para continuar su venta de manera individual, en conjunto o incluso no se descarta la posibilidad de renta. <!--more--> <\/p>\n<p><p>   El gobierno del presidente Andr\u00e9s Manuel L\u00f3pez Obrador inform\u00f3 que debido a que no ha podido vender el avi\u00f3n presidencial TP01, la aeronave de lujo regresar\u00e1 a territorio nacional para relanzar su venta o incluso no se descarta ponerlo en renta.<\/p>\n<p>  Desde diciembre de 2018 el avi\u00f3n presidencial se encuentra en un hangar de California, Estados Unidos donde fue puesto a la venta con ayuda de una oficina de transparencia de Naciones Unidas.<\/p>\n<p>  Durante la conferencia de prensa ma\u00f1anera del presidente, Jorge Mendoza, director de Banobras dijo que en este per\u00edodo hubo varios interesados, con propuestas por encima del aval\u00fao de 130 millones de d\u00f3lares, pero no se pudieron concretar.<\/p>\n<p>  Por ello, el funcionario dijo que el avi\u00f3n &#8220;Jos\u00e9 Mar\u00eda Morelos y Pav\u00f3n&#8221; regresar\u00e1 a M\u00e9xico para continuar su venta de manera individual, en conjunto o incluso no se descarta la posibilidad de renta.<\/p>\n<p>  El presidente Andr\u00e9s Manuel L\u00f3pez Obrador rechaz\u00f3 que haya fracasado la venta de la aeronave, sino que es un proceso complejo.<\/p>\n<p>  &#8220;No se quiso malbaratar, hab\u00eda compradores, pero al final no consiguieron financiamiento y pasa el tiempo, por eso tomamos esta decisi\u00f3n&#8221;.<\/p>\n<p>  El mandatario expres\u00f3 que el avi\u00f3n regresar\u00e1 al hangar presidencial o Santa Luc\u00eda una vez que termine su etapa de certificaci\u00f3n en California.<\/p>\n<p>  Al explicar que el avi\u00f3n ser\u00e1 entregado a la Fuerza A\u00e9rea Mexicana, el presidente L\u00f3pez Obrador dijo que una propuesta de vender 12 acciones a 12 empresas para que el costo sea menor y que est\u00e1s lo puedan usar para viajes de sus ejecutivos.<\/p>\n<p>  <center><iframe loading=\"lazy\" src=\"https:\/\/www.facebook.com\/plugins\/video.php?href=https%3A%2F%2Fwww.facebook.com%2Flopezobrador.org.mx%2Fvideos%2F464722264211547%2F&#038;show_text=1&#038;width=560\" width=\"560\" height=\"432\" style=\"border:none;overflow:hidden\" scrolling=\"no\" frameborder=\"0\" allowTransparency=\"true\" allow=\"encrypted-media\" allowFullScreen=\"true\"><\/iframe><\/center><\/p>\n<p>  <b>AMLO ha ofrecido que el avi\u00f3n presidencial sea pagado en especie<\/b><\/p>\n<p>  El presidente Andr\u00e9s Manuel L\u00f3pez Obrador asegur\u00f3 que le ha ofrecido en venta el avi\u00f3n presidencial a su hom\u00f3logo de Estados Unidos, Donald Trump, e incluso que la aeronave sea pagada en especie.<\/p>\n<p>  &#8220;Si estamos haciendo gestiones con el gobierno de Estados Unidos: les entregamos el avi\u00f3n y paguen en especie, necesitamos ambulancias, equipos de rayos equis, tom\u00f3grafos, entre otros&#8221;, asegur\u00f3 el mandatario en su conferencia de prensa ma\u00f1anera en Palacio Nacional.<\/p>\n<p>  El presidente de M\u00e9xico tambi\u00e9n invit\u00f3 a las empresas nacionales a que adquieran el avi\u00f3n presidencial.<\/p>\n<p>  &#8220;Ya he hablado con algunos, en una reuni\u00f3n que hubo hice el planteamiento, son 12 partes y el avi\u00f3n se queda en M\u00e9xico, ellos le podr\u00edan dar un uso adecuado y nos ayudan porque de alguna manera ese dinero lo podr\u00edamos etiquetar para equipo m\u00e9dico, a todo lo que hace falta para mejorar la atenci\u00f3n en hospitales p\u00fablicos para la gente que m\u00e1s lo necesita&#8221;, dijo.<\/p>\n<p>  El mantenimiento de la aeronave ha tenido un costo de 28 millones de pesos, 13 millones se destinaron para conservaci\u00f3n y 15 millones de mantenimiento, inform\u00f3 el general Manuel de Jes\u00fas Hern\u00e1ndez Gonz\u00e1lez, comandante de la Fuerza A\u00e9rea Mexicana.<\/p>\n<p>\n","protected":false},"excerpt":{"rendered":"<p>El avi\u00f3n regresar\u00e1 a M\u00e9xico para continuar su venta de manera individual, en conjunto o incluso no se descarta la posibilidad de renta.<\/p>\n","protected":false},"author":6,"featured_media":0,"comment_status":"open","ping_status":"open","sticky":false,"template":"","format":"standard","meta":{"footnotes":""},"categories":[36],"tags":[],"class_list":["post-97644","post","type-post","status-publish","format-standard","hentry","category-nacion"],"_links":{"self":[{"href":"https:\/\/plazajuarez.mx\/historico\/wp-json\/wp\/v2\/posts\/97644","targetHints":{"allow":["GET"]}}],"collection":[{"href":"https:\/\/plazajuarez.mx\/historico\/wp-json\/wp\/v2\/posts"}],"about":[{"href":"https:\/\/plazajuarez.mx\/historico\/wp-json\/wp\/v2\/types\/post"}],"author":[{"embeddable":true,"href":"https:\/\/plazajuarez.mx\/historico\/wp-json\/wp\/v2\/users\/6"}],"replies":[{"embeddable":true,"href":"https:\/\/plazajuarez.mx\/historico\/wp-json\/wp\/v2\/comments?post=97644"}],"version-history":[{"count":0,"href":"https:\/\/plazajuarez.mx\/historico\/wp-json\/wp\/v2\/posts\/97644\/revisions"}],"wp:attachment":[{"href":"https:\/\/plazajuarez.mx\/historico\/wp-json\/wp\/v2\/media?parent=97644"}],"wp:term":[{"taxonomy":"category","embeddable":true,"href":"https:\/\/plazajuarez.mx\/historico\/wp-json\/wp\/v2\/categories?post=97644"},{"taxonomy":"post_tag","embeddable":true,"href":"https:\/\/plazajuarez.mx\/historico\/wp-json\/wp\/v2\/tags?post=97644"}],"curies":[{"name":"wp","href":"https:\/\/api.w.org\/{rel}","templated":true}]}}