{"id":976,"date":"2015-02-17T06:00:00","date_gmt":"2015-02-17T06:00:00","guid":{"rendered":"http:\/\/plazajuarez.mx\/index\/index.php\/2015\/02\/17\/instruyen-a-directores-de-escuelas-sobre-nuevo-sistema-de-justicia-penal\/"},"modified":"2015-02-17T06:00:00","modified_gmt":"2015-02-17T06:00:00","slug":"instruyen-a-directores-de-escuelas-sobre-nuevo-sistema-de-justicia-penal","status":"publish","type":"post","link":"https:\/\/plazajuarez.mx\/historico\/instruyen-a-directores-de-escuelas-sobre-nuevo-sistema-de-justicia-penal\/","title":{"rendered":"Instruyen a directores de escuelas sobre Nuevo Sistema de Justicia Penal"},"content":{"rendered":"<p>DURANTE CONFERENCIA A CARGO DE LA PGR<\/p>\n<p>Con la asistencia de 200 directores de escuelas secundarias t\u00e9cnicas, la Procuradur\u00eda General de la Rep\u00fablica (PGR) delegaci\u00f3n Hidalgo, imparti\u00f3 una conferencia acerca del nuevo Sistema de Justicia Penal, implementado desde el mes de noviembre en algunos puntos de la entidad.<\/p>\n<p>  <!--more-->  <\/p>\n<p>\u00a0<\/p>\n<p>Lo anterior se realiz\u00f3 en coordinaci\u00f3n con el programa \u201cEscuela Segura\u201d y tuvo como objetivo el \u00a0fomentar la cultura de la denuncia y la legalidad, adem\u00e1s de dar a conocer los protocolos de actuaci\u00f3n pericial en la Cadena de Custodia.<\/p>\n<p>En el evento estuvo presente, Ren\u00e9 de los Santos Torres, delegado en Hidalgo de la PGR, quien manifest\u00f3 la importancia de la prevenci\u00f3n, as\u00ed como de los mecanismos que se implementan en las instituciones educativas, relacionados con la procuraci\u00f3n de justicia, cuando dentro de los planteles encuentren alg\u00fan objeto del delito, relacionado con conductas desplegadas por adolescentes.<\/p>\n<p>De la misma forma, la subdelegada de Procedimientos Penales &#8220;B&#8221; habl\u00f3 de la Ley de Justicia para adolescentes en el Estado, misma que fue reformada en el a\u00f1o 2009, en la que se establece la edad de los adolescentes a quienes se les atribuya o compruebe la realizaci\u00f3n de una conducta tipificada como delito, que ser\u00e1 a partir de los 12 a\u00f1os cumplidos y antes de los 18.\u00a0\u00a0<\/p>\n<p>La conferencia se desarroll\u00f3 en el auditorio Licencia Manuel \u00c1ngeles Villagr\u00e1n y se cont\u00f3 con la participaci\u00f3n de los directivos que forman parte de 16 zonas escolares en todo el territorio hidalguense.<\/p>\n","protected":false},"excerpt":{"rendered":"<p>DURANTE CONFERENCIA A CARGO DE LA PGR Con la asistencia de 200 directores de escuelas secundarias t\u00e9cnicas, la Procuradur\u00eda General de la Rep\u00fablica (PGR) delegaci\u00f3n Hidalgo, imparti\u00f3 una conferencia acerca del nuevo Sistema de Justicia Penal, implementado desde el mes de noviembre en algunos puntos de la entidad.<\/p>\n","protected":false},"author":93,"featured_media":0,"comment_status":"open","ping_status":"open","sticky":false,"template":"","format":"standard","meta":{"footnotes":""},"categories":[37],"tags":[],"class_list":["post-976","post","type-post","status-publish","format-standard","hentry","category-barandilla"],"_links":{"self":[{"href":"https:\/\/plazajuarez.mx\/historico\/wp-json\/wp\/v2\/posts\/976","targetHints":{"allow":["GET"]}}],"collection":[{"href":"https:\/\/plazajuarez.mx\/historico\/wp-json\/wp\/v2\/posts"}],"about":[{"href":"https:\/\/plazajuarez.mx\/historico\/wp-json\/wp\/v2\/types\/post"}],"author":[{"embeddable":true,"href":"https:\/\/plazajuarez.mx\/historico\/wp-json\/wp\/v2\/users\/93"}],"replies":[{"embeddable":true,"href":"https:\/\/plazajuarez.mx\/historico\/wp-json\/wp\/v2\/comments?post=976"}],"version-history":[{"count":0,"href":"https:\/\/plazajuarez.mx\/historico\/wp-json\/wp\/v2\/posts\/976\/revisions"}],"wp:attachment":[{"href":"https:\/\/plazajuarez.mx\/historico\/wp-json\/wp\/v2\/media?parent=976"}],"wp:term":[{"taxonomy":"category","embeddable":true,"href":"https:\/\/plazajuarez.mx\/historico\/wp-json\/wp\/v2\/categories?post=976"},{"taxonomy":"post_tag","embeddable":true,"href":"https:\/\/plazajuarez.mx\/historico\/wp-json\/wp\/v2\/tags?post=976"}],"curies":[{"name":"wp","href":"https:\/\/api.w.org\/{rel}","templated":true}]}}