{"id":974,"date":"2015-02-17T06:00:00","date_gmt":"2015-02-17T06:00:00","guid":{"rendered":"http:\/\/plazajuarez.mx\/index\/index.php\/2015\/02\/17\/caso-unico-canacintra-pachuca-tiene-dos-presidentes-al-mismo-tiempo\/"},"modified":"2015-02-17T06:00:00","modified_gmt":"2015-02-17T06:00:00","slug":"caso-unico-canacintra-pachuca-tiene-dos-presidentes-al-mismo-tiempo","status":"publish","type":"post","link":"https:\/\/plazajuarez.mx\/historico\/caso-unico-canacintra-pachuca-tiene-dos-presidentes-al-mismo-tiempo\/","title":{"rendered":"Caso \u00fanico: Canacintra-Pachuca  tiene dos presidentes al mismo tiempo"},"content":{"rendered":"<p><strong>JOS\u00c9 CRUZ CURE\u00d1O, REELECTO POR MAYOR\u00cdA<\/strong><\/p>\n<ul>\n<li><strong>Margarita G\u00e1lvez Grimaldo fue designada para el cargo por el organismo empresarial a nivel federal, pero en votaci\u00f3n 77 de los 115 afiliados apoyaron al ahora presidente reelecto<\/strong><\/li>\n<li><strong>Cure\u00f1o Ju\u00e1rez no tiene el reconocimiento de Canacintra Nacional<\/strong><\/li>\n<li><strong><strong>Afirma que ha sido presa de da\u00f1os a su persona y su familia<\/strong><\/strong> <!--more--> \u00a0<\/li>\n<\/ul>\n<p>Pese a la reciente presentaci\u00f3n de \u00a0Margarita\u00a0G\u00e1lvez\u00a0Grimaldo como presidenta de la C\u00e1mara Nacional de la Industria de la Transformaci\u00f3n (Canacintra) delegaci\u00f3n Pachuca y con el respaldo del gremio empresarial, Jos\u00e9 Cruz Cure\u00f1o Ju\u00e1rez afirm\u00f3 seguir a la cabeza del organismo, al ser reelecto la ma\u00f1ana de ayer con el voto de 77 de los 115 afiliados.<\/p>\n<p>\u00a0\u00a0\u00a0\u00a0\u00a0\u00a0\u00a0\u00a0\u00a0\u00a0\u00a0 En conferencia de prensa, Cure\u00f1o Ju\u00e1rez explic\u00f3 que tras la problem\u00e1tica que se ha causado en torno a su persona y al organismo empresarial, present\u00f3 su primer informe\u00a0 de actividades del periodo 2014-2015, y al entregar a los afiliados las instalaciones de la C\u00e1mara fueros ellos quienes votaron por una reelecci\u00f3n del industrial, quien continuar\u00e1 representando el cargo de dirigente de la delegaci\u00f3n Pachuca pese a no contar con el reconocimiento de la Canacintra Nacional.<\/p>\n<p>\u00a0\u00a0\u00a0\u00a0\u00a0\u00a0\u00a0\u00a0\u00a0\u00a0\u00a0 Agreg\u00f3 que esta problem\u00e1tica que se ha desatado desde mediados del a\u00f1o 2014 ha provocado da\u00f1os a su persona y a su familia, y apunt\u00f3 en este momento enfrenta una demanda por despojo de las instalaciones a pesar de contar con un amparo por no esclarecer la dirigencia del organismo, \u201ca mi parecer ya es un problema contra mi persona; pero yo no tengo nada en contra de los representantes de la Canacintra Nacional ni contra G\u00e1lvez\u201d.<\/p>\n<p>\u00a0\u00a0\u00a0\u00a0\u00a0\u00a0\u00a0\u00a0\u00a0\u00a0\u00a0 Cabe mencionar que en su visita a la ciudad de Pachuca en el mes de enero, Rodrigo Alp\u00edzar Vallejo, presidente de la Canacintra Nacional, afirm\u00f3 que el reconocimiento por parte del Consejo Nacional como representante de la delegaci\u00f3n Pachuca es para G\u00e1lvez\u00a0Grimaldo.<\/p>\n<p>\u00a0\u00a0\u00a0\u00a0\u00a0\u00a0\u00a0\u00a0\u00a0\u00a0\u00a0 Sin embargo, Cure\u00f1o Ju\u00e1rez refiri\u00f3 que ese proceso viol\u00f3 los estatutos de la C\u00e1mara y \u00fanicamente votaron 25 industriales, de los cuales dos son miembros del organismo municipal, por lo que el proceso se mantiene impugnado por parte del resto de los afiliados.<\/p>\n<p>\u00a0\u00a0\u00a0\u00a0\u00a0\u00a0\u00a0\u00a0\u00a0\u00a0\u00a0 Finalmente, manifest\u00f3 ser\u00e1 problema de las autoridades legales las que resuelvan el problema y den jurisdicci\u00f3n a los afiliados sobre la presidencia de la dirigencia, en un lapso no mayor a los tres meses.<\/p>\n<p>\u00a0<\/p>\n","protected":false},"excerpt":{"rendered":"<p>JOS\u00c9 CRUZ CURE\u00d1O, REELECTO POR MAYOR\u00cdA Margarita G\u00e1lvez Grimaldo fue designada para el cargo por el organismo empresarial a nivel federal, pero en votaci\u00f3n 77 de los 115 afiliados apoyaron al ahora presidente reelecto Cure\u00f1o Ju\u00e1rez no tiene el reconocimiento de Canacintra Nacional Afirma que ha sido presa de da\u00f1os a su persona y su [&hellip;]<\/p>\n","protected":false},"author":93,"featured_media":0,"comment_status":"open","ping_status":"open","sticky":false,"template":"","format":"standard","meta":{"footnotes":""},"categories":[59],"tags":[],"class_list":["post-974","post","type-post","status-publish","format-standard","hentry","category-general"],"_links":{"self":[{"href":"https:\/\/plazajuarez.mx\/historico\/wp-json\/wp\/v2\/posts\/974","targetHints":{"allow":["GET"]}}],"collection":[{"href":"https:\/\/plazajuarez.mx\/historico\/wp-json\/wp\/v2\/posts"}],"about":[{"href":"https:\/\/plazajuarez.mx\/historico\/wp-json\/wp\/v2\/types\/post"}],"author":[{"embeddable":true,"href":"https:\/\/plazajuarez.mx\/historico\/wp-json\/wp\/v2\/users\/93"}],"replies":[{"embeddable":true,"href":"https:\/\/plazajuarez.mx\/historico\/wp-json\/wp\/v2\/comments?post=974"}],"version-history":[{"count":0,"href":"https:\/\/plazajuarez.mx\/historico\/wp-json\/wp\/v2\/posts\/974\/revisions"}],"wp:attachment":[{"href":"https:\/\/plazajuarez.mx\/historico\/wp-json\/wp\/v2\/media?parent=974"}],"wp:term":[{"taxonomy":"category","embeddable":true,"href":"https:\/\/plazajuarez.mx\/historico\/wp-json\/wp\/v2\/categories?post=974"},{"taxonomy":"post_tag","embeddable":true,"href":"https:\/\/plazajuarez.mx\/historico\/wp-json\/wp\/v2\/tags?post=974"}],"curies":[{"name":"wp","href":"https:\/\/api.w.org\/{rel}","templated":true}]}}