{"id":97381,"date":"2020-01-10T14:52:47","date_gmt":"2020-01-10T14:52:47","guid":{"rendered":"http:\/\/plazajuarez.mx\/index\/index.php\/2020\/01\/10\/diputado-asael-esta-desinformado-ante-el-caso-de-cuautepec-alcaldesa\/"},"modified":"2020-01-10T14:52:47","modified_gmt":"2020-01-10T14:52:47","slug":"diputado-asael-esta-desinformado-ante-el-caso-de-cuautepec-alcaldesa","status":"publish","type":"post","link":"https:\/\/plazajuarez.mx\/historico\/diputado-asael-esta-desinformado-ante-el-caso-de-cuautepec-alcaldesa\/","title":{"rendered":"Diputado Asael est\u00e1 desinformado ante el caso de Cuautepec: Alcaldesa"},"content":{"rendered":"<p>\u201cCada qui\u00e9n somos responsables de lo que hacemos, actuar\u00e9 pensando que \u00e9l lo hizo inocentemente\u201d, refiri\u00f3 la presidenta municipal de Cuautepec de Hinojosa, Hayde\u00e9 Garc\u00eda Acosta, respecto a la declaraci\u00f3n del diputado panista Asael Hern\u00e1ndez Cer\u00f3n y su exigencia de juicio pol\u00edtico.<\/p>\n<p>  <!--more-->  <\/p>\n<p>Lo anterior, en relaci\u00f3n a la situaci\u00f3n de nueve delegados y subdelegados de seis comunidades del municipio, as\u00ed como del supuesto desv\u00edo de fondos que se\u00f1al\u00f3 el legislador de la bancada blanquiazul.<\/p>\n<p>Dijo \u201cQuiero pensar que el posicionamiento del diputado m\u00e1s all\u00e1 de quererme violentar, voy a tomarlo como un comentario desafortunado derivado de la oportunidad que aprovecharon estas personas, que con car\u00e1cter pol\u00edtico que tiene esta \u00e9poca aprovecharon de su desinformaci\u00f3n para que \u00e9l hiciera estos desafortunados comentarios\u201d.<\/p>\n<p>La alcaldesa detall\u00f3 que la situaci\u00f3n deriva del manejo incorrecto de los delegados, subdelegados y el legislador, en cuanto a los datos emitidos por el Tribunal Electoral del Estado de Hidalgo (TEEH).<\/p>\n<p>Record\u00f3 que a finales de noviembre los involucrados demandaron al municipio y la instancia emiti\u00f3 el resolutivo el 23 de diciembre, en el que ordena su reconocimiento como funcionarios p\u00fablicos y el incremento al apoyo econ\u00f3mico que ya de les ven\u00eda otorgando.<\/p>\n<p>Sin embargo al momento de mencionarles que con los derechos adquiridos tambi\u00e9n deb\u00edan cumplir obligaciones \u201cya no les pareci\u00f3 mucho, no les explicaron bien, la persona que los asesor\u00f3 les dijo la parte conveniente pero no todas las aristas de la situaci\u00f3n\u201d.<\/p>\n<p>Coment\u00f3 \u201cellos solicitaron la caracter\u00edstica de funcionario p\u00fablico, originalmente el ayuntamiento les daba mil pesos mensuales para desempe\u00f1o de sus actividades\u00a0 como gestores, a ra\u00edz de la resoluci\u00f3n se autoriz\u00f3 un salario m\u00ednimo de tres mil 900 pesos mensuales, cumpliendo con lo concerniente de sus funciones\u201d.<\/p>\n<p>En su oportunidad, el abogado Jorge Armando Nazar Arteaga, quien asesora jur\u00eddicamente a la presidencia respecto al caso explic\u00f3 que la resoluci\u00f3n del TEEH fue acatada por el municipio y en ella puntualiza \u201clos actores en su calidad de delegados y subdelegados, son funcionario p\u00fablicos, por lo tanto, son sujetos de responsabilidad de ejercer su funci\u00f3n, cumplir con requisitos que son fiscalizables, porque se trata de un egreso que debe presupuestar el municipio\u201d.<\/p>\n<p>Agreg\u00f3: \u201cEst\u00e1n a favor de sus derechos, pero no de cumplimentar todos los dem\u00e1s requisitos que cumplen todos los funcionarios p\u00fablicos para obtener un pago, c\u00f3mo entregar una documentaci\u00f3n, pareciera que no lo quieren hacer\u201d.<\/p>\n<p>Sentenci\u00f3 \u201cno se ha explicado correctamente el alcance de la sentencia, no es capricho del ayuntamiento cumplir con los requisitos, uno de los delegados citaba que no son servidores p\u00fablicos vinculados al ayuntamiento, pero la misma ley org\u00e1nica que \u00e9l citaba, en su\u00a0 art\u00edculo 56 establece que el ayuntamiento tiene como atribuci\u00f3n establecer delegaciones y subdelegaciones, y est\u00e1n subordinados a \u00e9l\u201d.<\/p>\n<p>Por ello, a t\u00edtulo personal, el abogado coment\u00f3 \u201cme parece delicado que un legislador haga un se\u00f1alamiento de la manera que lo realiz\u00f3 el diputado Asael, dadas las manifestaciones que realiza me queda claro que tampoco le compartieron la sentencia ni le informaron el contenido\u201d.<\/p>\n<p>Lo anterior al leer un apartado de la sentencia, \u201cporque el tribunal, literalmente se\u00f1ala: Se exhorta al Congreso del estado de Hidalgo para que\u00a0 en el \u00e1mbito de sus atribuciones realice, 1: las reformas conducentes y contemple en la ley org\u00e1nica municipal del estado la remuneraci\u00f3n de delegados y subdelegados y 2: las facultades\u00a0 y obligaciones respectivas que tienen dichos servidores p\u00fablicos\u201d.<\/p>\n<p>Subray\u00f3 \u201csi hubiese tenido conocimiento previo de esta sentencia, m\u00e1s valdr\u00eda sentarse con el equipo de asesores para instrumentar una salida legislativa sobre un problema jur\u00eddico, no social. El ayuntamiento cumpli\u00f3 con lo mandatado\u201d.<\/p>\n<p>Violencia pol\u00edtica de g\u00e9nero<\/p>\n<p>En tanto, al cuestionar a la alcaldesa Hayde\u00e9 Garc\u00eda Acosta, si est\u00e1s acciones pueden ser consideradas como violencia pol\u00edtica de g\u00e9nero apunt\u00f3 \u201cCuautepec hace\u00a0 historia al ser la primer mujer presidente y con ello el inicio de ataques intimidaciones, al ganar fue la elecci\u00f3n m\u00e1s impugnada y no han cesado desde esa ocasi\u00f3n, ha sido una serie de eventos por personas oportunistas que han generado desinformaci\u00f3n, que han hecho ruido pero no consecuencias, porque hemos sido cuidados del actuar, de acuerdo a la ley y reglas de operaci\u00f3n y no nos han fincado responsabilidades, hemos sido objeto de diferentes se\u00f1alamiento irresponsables\u201d.<\/p>\n<p>Asimismo destac\u00f3 que el municipio est\u00e1 haciendo historia por la importante inversi\u00f3n arriba de los 120 millones de pesos que ha recibido para aplicar en infraestructura \u201cEso pisa callos para los antecesores y otras fuerzas pol\u00edticas, por el volumen de obras que se han hecho al d\u00eda de hoy\u201d.<\/p>\n<p>Asever\u00f3 \u201cMe siento violentada porque sin darme la oportunidad del derecho de r\u00e9plica o hacer posicionamiento se hace una acusaci\u00f3n cuando no tienen el antecedente de lo que viene sucediendo y no tiene sustento. Nos han auditado, supervisado y no ha habido alguna cosa que tenga repercusi\u00f3n a la administraci\u00f3n que presido\u201d.<\/p>\n<p>Cit\u00f3 \u201cConsidero que soy v\u00edctima de violencia pol\u00edtica de g\u00e9nero, por los se\u00f1alamientos, injurias y descalificaciones menoscabando el trabajo que se puede cuantificar y verificar, es un tema pol\u00edtico de estas personas que han mal informado, son las mismas que tratan de hacer mella de manera pol\u00edtica\u201d.<\/p>\n<p>Finalmente Garc\u00eda Acosta consider\u00f3 \u201cTenemos la violencia pol\u00edtica de g\u00e9nero todos los d\u00edas, Hidalgo como muchos estados carecemos de una tipificaci\u00f3n como tal y si bien ya se menciona el tema, no hay algo que categ\u00f3ricamente podemos encapsular o tipificar la agresi\u00f3n, nada m\u00e1s\u00a0 se limpia uno las rodillas y sigues avanzando\u201d.<\/p>\n","protected":false},"excerpt":{"rendered":"<p>\u201cCada qui\u00e9n somos responsables de lo que hacemos, actuar\u00e9 pensando que \u00e9l lo hizo inocentemente\u201d, refiri\u00f3 la presidenta municipal de Cuautepec de Hinojosa, Hayde\u00e9 Garc\u00eda Acosta, respecto a la declaraci\u00f3n del diputado panista Asael Hern\u00e1ndez Cer\u00f3n y su exigencia de juicio pol\u00edtico.<\/p>\n","protected":false},"author":3,"featured_media":0,"comment_status":"open","ping_status":"open","sticky":false,"template":"","format":"standard","meta":{"footnotes":""},"categories":[40],"tags":[],"class_list":["post-97381","post","type-post","status-publish","format-standard","hentry","category-region"],"_links":{"self":[{"href":"https:\/\/plazajuarez.mx\/historico\/wp-json\/wp\/v2\/posts\/97381","targetHints":{"allow":["GET"]}}],"collection":[{"href":"https:\/\/plazajuarez.mx\/historico\/wp-json\/wp\/v2\/posts"}],"about":[{"href":"https:\/\/plazajuarez.mx\/historico\/wp-json\/wp\/v2\/types\/post"}],"author":[{"embeddable":true,"href":"https:\/\/plazajuarez.mx\/historico\/wp-json\/wp\/v2\/users\/3"}],"replies":[{"embeddable":true,"href":"https:\/\/plazajuarez.mx\/historico\/wp-json\/wp\/v2\/comments?post=97381"}],"version-history":[{"count":0,"href":"https:\/\/plazajuarez.mx\/historico\/wp-json\/wp\/v2\/posts\/97381\/revisions"}],"wp:attachment":[{"href":"https:\/\/plazajuarez.mx\/historico\/wp-json\/wp\/v2\/media?parent=97381"}],"wp:term":[{"taxonomy":"category","embeddable":true,"href":"https:\/\/plazajuarez.mx\/historico\/wp-json\/wp\/v2\/categories?post=97381"},{"taxonomy":"post_tag","embeddable":true,"href":"https:\/\/plazajuarez.mx\/historico\/wp-json\/wp\/v2\/tags?post=97381"}],"curies":[{"name":"wp","href":"https:\/\/api.w.org\/{rel}","templated":true}]}}