{"id":97208,"date":"2020-01-07T04:56:13","date_gmt":"2020-01-07T04:56:13","guid":{"rendered":"http:\/\/plazajuarez.mx\/index\/index.php\/2020\/01\/07\/ninos-y-ninos-disfrutaron-de-la-rosca-de-reyes\/"},"modified":"2020-01-07T04:56:13","modified_gmt":"2020-01-07T04:56:13","slug":"ninos-y-ninos-disfrutaron-de-la-rosca-de-reyes","status":"publish","type":"post","link":"https:\/\/plazajuarez.mx\/historico\/ninos-y-ninos-disfrutaron-de-la-rosca-de-reyes\/","title":{"rendered":"Ni\u00f1os y ni\u00f1os disfrutaron de la rosca de Reyes"},"content":{"rendered":"<p>\u00a0\u00a0\u00a0 \u2022\u00a0\u00a0 \u00a0Disfrutaron de la presentaci\u00f3n de payasos y un evento art\u00edstico\u2028<\/p>\n<p>Les regalaron juguetes, un espect\u00e1culo para divertirlos y por supuesto la tradicional rosca<\/p>\n<p>  <!--more-->  <\/p>\n<p>Ante unos 500 habitantes, la presidencia municipal en coordinaci\u00f3n con el Sistema DIF municipal, partieron la tradicional Rosca de Reyes. Participaron ni\u00f1os y ni\u00f1as, quienes disfrutaron de la presentaci\u00f3n de payasos y un evento art\u00edstico que deleit\u00f3 a los cientos de ni\u00f1os que se reunieron a este evento anual.<\/p>\n<p>Desde muy temprana hora los ni\u00f1os de la cabecera municipal, empezaron a reunirse en la explanada del foro del pueblo, en donde autoridades municipales repartieron trozos de rosca que tuvo una medida de m\u00e1s de 90 metros.<\/p>\n<p>El alcalde, Antonio Espinoza, acompa\u00f1ado de la presidenta del Sistema DIF Municipal, Monserrat Ram\u00edrez, dijo que este es un evento que a\u00f1o con a\u00f1o se realiza con la finalidad de brindar alegr\u00eda a los ni\u00f1os, regalando juguetes, un espect\u00e1culo para divertirlos y por supuesto la tradicional rosca.<\/p>\n<p>Adem\u00e1s de fomentar la convivencia de las familias, y contribuir con la vigencia de esta tradici\u00f3n; tambi\u00e9n dijo que para lograr cumplir con los cientos de tramos de rosca, se cont\u00f3 con la participaci\u00f3n de panader\u00edas del municipio\u00a0 y el apoyo de los funcionarios municipales.<\/p>\n<p>El alcalde agradeci\u00f3 a las panader\u00edas\u00a0 Los \u00c1ngeles, La Coquis, Tavichos, Venecia, Molino Azul y San Felipe que se sumaron para que este evento se realizara para concluir las fiestas navide\u00f1as, de igual manera agradeci\u00f3 a Cuauht\u00e9moc Puerto y a Anselmo M\u00e1rquez por su apoyo con las mesas. <\/p>\n","protected":false},"excerpt":{"rendered":"<p>\u00a0\u00a0\u00a0 \u2022\u00a0\u00a0 \u00a0Disfrutaron de la presentaci\u00f3n de payasos y un evento art\u00edstico\u2028 Les regalaron juguetes, un espect\u00e1culo para divertirlos y por supuesto la tradicional rosca<\/p>\n","protected":false},"author":93,"featured_media":0,"comment_status":"open","ping_status":"open","sticky":false,"template":"","format":"standard","meta":{"footnotes":""},"categories":[40],"tags":[],"class_list":["post-97208","post","type-post","status-publish","format-standard","hentry","category-region"],"_links":{"self":[{"href":"https:\/\/plazajuarez.mx\/historico\/wp-json\/wp\/v2\/posts\/97208","targetHints":{"allow":["GET"]}}],"collection":[{"href":"https:\/\/plazajuarez.mx\/historico\/wp-json\/wp\/v2\/posts"}],"about":[{"href":"https:\/\/plazajuarez.mx\/historico\/wp-json\/wp\/v2\/types\/post"}],"author":[{"embeddable":true,"href":"https:\/\/plazajuarez.mx\/historico\/wp-json\/wp\/v2\/users\/93"}],"replies":[{"embeddable":true,"href":"https:\/\/plazajuarez.mx\/historico\/wp-json\/wp\/v2\/comments?post=97208"}],"version-history":[{"count":0,"href":"https:\/\/plazajuarez.mx\/historico\/wp-json\/wp\/v2\/posts\/97208\/revisions"}],"wp:attachment":[{"href":"https:\/\/plazajuarez.mx\/historico\/wp-json\/wp\/v2\/media?parent=97208"}],"wp:term":[{"taxonomy":"category","embeddable":true,"href":"https:\/\/plazajuarez.mx\/historico\/wp-json\/wp\/v2\/categories?post=97208"},{"taxonomy":"post_tag","embeddable":true,"href":"https:\/\/plazajuarez.mx\/historico\/wp-json\/wp\/v2\/tags?post=97208"}],"curies":[{"name":"wp","href":"https:\/\/api.w.org\/{rel}","templated":true}]}}