{"id":97161,"date":"2020-01-06T15:51:23","date_gmt":"2020-01-06T15:51:23","guid":{"rendered":"http:\/\/plazajuarez.mx\/index\/index.php\/2020\/01\/06\/los-morenos-fieles-anunciantes-de-los-reyes-magos\/"},"modified":"2020-01-06T15:51:23","modified_gmt":"2020-01-06T15:51:23","slug":"los-morenos-fieles-anunciantes-de-los-reyes-magos","status":"publish","type":"post","link":"https:\/\/plazajuarez.mx\/historico\/los-morenos-fieles-anunciantes-de-los-reyes-magos\/","title":{"rendered":"&#8220;Los morenos&#8221;, fieles anunciantes de los Reyes Magos"},"content":{"rendered":"<p>Con danzas y trajes especiales el grupo &#8220;Los morenos&#8221; veneran a Melchor, Gaspar y Baltasar, las figuras centrales del pueblo de Cajititl\u00e1n, Jalisco, que cada a\u00f1o re\u00fane a millones de fieles que acuden hasta su santuario para agradecer sus milagros. <!--more--> <\/p>\n<p>  Unas 120 personas originarias de Cajititl\u00e1n conforman esta agrupaci\u00f3n que &#8220;anuncia&#8221; la llegada de los tres Reyes Magos durante las procesiones que tienen lugar en este poblado pesquero del 30 de diciembre al 7 de enero.<\/p>\n<p>  Julio C\u00e9sar Ortiz dice a Efe que esta tradici\u00f3n surgi\u00f3 en 2001 como una manera de agradecer a los Reyes Magos por sus milagros. Hombres y mujeres desde los cinco a\u00f1os aprenden las danzas para abrir paso y acompa\u00f1ar a las tres figuras durante su andar por el pueblo.<\/p>\n<p>  &#8220;Los morenos&#8221; idean y confeccionan sus trajes para la ocasi\u00f3n. Capas de terciopelo con im\u00e1genes religiosas bordadas en honor a los Reyes, ropa negra, un sombrero con mo\u00f1os y peque\u00f1as m\u00e1scaras talladas en madera, un l\u00e1tigo y una m\u00e1scara negra en el rostro.<\/p>\n<p>  &#8220;La indumentaria es un tributo a los Santos Reyes, que tienen una t\u00fanica y una capa, la m\u00e1scara de nosotros hace alusi\u00f3n a los esclavos que ven\u00edan a ver al ni\u00f1o Jes\u00fas y los mo\u00f1os en la cabeza son significado de los regalos que le tra\u00edan a Jes\u00fas, y el chicote es para obligar a las personas a cumplir su manda&#8221;, explic\u00f3 Ortiz.<\/p>\n<p>  Para el joven pertenecer a esta agrupaci\u00f3n es un honor y una manera de dar gracias a las tres figuras religiosas que lo han acompa\u00f1ado desde la infancia.<\/p>\n<p>  &#8220;Al igual que mis abuelos, a mis pap\u00e1s les inculcaron la tradici\u00f3n de agradecer. Yo lo hago no por inter\u00e9s sino por amor a las im\u00e1genes, al pueblo y que la tradici\u00f3n siga creciendo&#8221;, asegura.<\/p>\n<p>  <b>TRADICI\u00d3N ANCESTRAL<\/b><\/p>\n<p>  La tradici\u00f3n de venerar las im\u00e1genes de los Reyes Magos tiene m\u00e1s de cuatro siglos de antig\u00fcedad en este poblado y es una mezcla de las costumbres de los antiguos pobladores de origen ind\u00edgena con las creencias de la religi\u00f3n cat\u00f3lica, explica el cronista Jos\u00e9 Luis Rodr\u00edguez.<\/p>\n<p>  Relata que en 1587, cuando los frailes franciscanos llegaron a esta zona, se dieron cuenta de que los habitantes adoraban a una deidad llamada &#8220;Machis&#8221; que viv\u00eda en la laguna cercana y que deb\u00edan mantenerla contenta para que les permitiera la buena pesca.<\/p>\n<p>  &#8220;Al empezar el a\u00f1o, en el s\u00e9ptimo d\u00eda adornaban sus canoas, se introduc\u00edan a la laguna a arrojarle ofrendas a Machis y pedir que el a\u00f1o fuera mejor. Viendo estos los franciscanos se preguntaron qu\u00e9 fiesta cat\u00f3lica coincid\u00eda para no quitarles su costumbre, y lo que estaba m\u00e1s cerca era la creencia de los Reyes magos&#8221;, expresa el cronista.<\/p>\n<p>  Este sincretismo hizo que en Cajititl\u00e1n los tres Reyes Magos sean festejados cada 7 de enero y no el 6, como es costumbre en casi todos los pa\u00edses con presencia de la religi\u00f3n cat\u00f3lica.<\/p>\n<p>  Las im\u00e1genes de los Reyes Magos fueron talladas en madera de mezquite desde el siglo XVI, aunque en el siglo XX fueron elaboradas otras que tambi\u00e9n permanecen en el templo del lugar para recibir a los miles de fieles  y que cada a\u00f1o salen a peregrinar por hasta la laguna.<\/p>\n<p>  &#8220;Es un foco de devoci\u00f3n y en el atrio las mam\u00e1s llegan con sus ni\u00f1os disfrazados de Reyes Magos, con sus coronas, pintados de negro y con sus capas porque vienen a pedir un favor o agradecer que ya se lo hicieron, pero adem\u00e1s vemos la fe de la gente que viene de otros estados y pa\u00edses hasta el templo&#8221;, concluye Rodr\u00edguez. <\/p>\n<p>\n","protected":false},"excerpt":{"rendered":"<p>Con danzas y trajes especiales el grupo &#8220;Los morenos&#8221; veneran a Melchor, Gaspar y Baltasar, las figuras centrales del pueblo de Cajititl\u00e1n, Jalisco, que cada a\u00f1o re\u00fane a millones de fieles que acuden hasta su santuario para agradecer sus milagros.<\/p>\n","protected":false},"author":6,"featured_media":0,"comment_status":"open","ping_status":"open","sticky":false,"template":"","format":"standard","meta":{"footnotes":""},"categories":[36],"tags":[70],"class_list":["post-97161","post","type-post","status-publish","format-standard","hentry","category-nacion","tag-reportaje"],"_links":{"self":[{"href":"https:\/\/plazajuarez.mx\/historico\/wp-json\/wp\/v2\/posts\/97161","targetHints":{"allow":["GET"]}}],"collection":[{"href":"https:\/\/plazajuarez.mx\/historico\/wp-json\/wp\/v2\/posts"}],"about":[{"href":"https:\/\/plazajuarez.mx\/historico\/wp-json\/wp\/v2\/types\/post"}],"author":[{"embeddable":true,"href":"https:\/\/plazajuarez.mx\/historico\/wp-json\/wp\/v2\/users\/6"}],"replies":[{"embeddable":true,"href":"https:\/\/plazajuarez.mx\/historico\/wp-json\/wp\/v2\/comments?post=97161"}],"version-history":[{"count":0,"href":"https:\/\/plazajuarez.mx\/historico\/wp-json\/wp\/v2\/posts\/97161\/revisions"}],"wp:attachment":[{"href":"https:\/\/plazajuarez.mx\/historico\/wp-json\/wp\/v2\/media?parent=97161"}],"wp:term":[{"taxonomy":"category","embeddable":true,"href":"https:\/\/plazajuarez.mx\/historico\/wp-json\/wp\/v2\/categories?post=97161"},{"taxonomy":"post_tag","embeddable":true,"href":"https:\/\/plazajuarez.mx\/historico\/wp-json\/wp\/v2\/tags?post=97161"}],"curies":[{"name":"wp","href":"https:\/\/api.w.org\/{rel}","templated":true}]}}