{"id":97156,"date":"2020-01-06T15:46:49","date_gmt":"2020-01-06T15:46:49","guid":{"rendered":"http:\/\/plazajuarez.mx\/index\/index.php\/2020\/01\/06\/eu-no-reconoce-votacion-en-venezuela\/"},"modified":"2020-01-06T15:46:49","modified_gmt":"2020-01-06T15:46:49","slug":"eu-no-reconoce-votacion-en-venezuela","status":"publish","type":"post","link":"https:\/\/plazajuarez.mx\/historico\/eu-no-reconoce-votacion-en-venezuela\/","title":{"rendered":"EU no reconoce votaci\u00f3n en Venezuela"},"content":{"rendered":"<p>Los diputados chavistas de la AN eligieron ayer como presidente del organismo a Luis Parra<\/p>\n<p>  <!--more-->  <\/p>\n<p>Washington.-\u00a0 El Gobierno de Estados Unidos calific\u00f3 este domingo de &#8220;farsa&#8221; la votaci\u00f3n en la Asamblea Nacional (AN, Parlamento) de Venezuela para elegir a un presidente y respald\u00f3 al l\u00edder opositor Juan Guaid\u00f3, al que dijo que seguir\u00e1 considerando &#8220;presidente interino&#8221;.<\/p>\n<p>&#8220;Guaid\u00f3 sigue siendo el presidente interino de Venezuela bajo la Constituci\u00f3n. La sesi\u00f3n falsa de la Asamblea Nacional de esta ma\u00f1ana careci\u00f3 del qu\u00f3rum legal. No hubo voto&#8221;, consider\u00f3 en Twitter el encargado de Latinoam\u00e9rica en el Departamento de Estado de EE.UU., Michael Kozak.<\/p>\n<p>Los diputados chavistas de la AN eligieron ayer como presidente del organismo a Luis Parra, antiguo miembro del partido Primero Justicia, en un bronco y breve debate al que no llegaron ni Guaid\u00f3 ni un grupo de diputados opositores, a los que la Polic\u00eda impidi\u00f3 la entrada.<\/p>\n<p>&#8220;Las acciones desesperadas del antiguo r\u00e9gimen de Maduro, impidiendo ilegalmente por la fuerza la entrada al edificio de Juan Guaid\u00f3 y de la mayor\u00eda de los diputados de la Asamblea Nacional, ha hecho que el &#8216;voto&#8217; de esta ma\u00f1ana, que carece de qu\u00f3rum y no cumple con los est\u00e1ndares constitucionales m\u00ednimos, sea una farsa&#8221;, subray\u00f3 Kozak.<\/p>\n<p>Guaid\u00f3 aspiraba a ser reelegido presidente de la Asamblea Nacional, un rol que ocupaba desde enero del pasado a\u00f1o y que le permiti\u00f3 proclamarse presidente interino de Venezuela en base a una interpretaci\u00f3n de varios art\u00edculos de la Constituci\u00f3n venezolana.<\/p>\n<p>En concreto, la oposici\u00f3n interpreta que Guaid\u00f3 pod\u00eda proclamarse presidente interino porque exist\u00eda un &#8220;vac\u00edo de poder&#8221;, ya que bajo su punto de vista el mandato del actual presidente de Venezuela, Nicol\u00e1s Maduro, es ileg\u00edtimo.<\/p>\n<p>EE.UU. fue el primer pa\u00eds que reconoci\u00f3 en enero de 2019 a Guaid\u00f3 como presidente interino de Venezuela.<\/p>\n","protected":false},"excerpt":{"rendered":"<p>Los diputados chavistas de la AN eligieron ayer como presidente del organismo a Luis Parra<\/p>\n","protected":false},"author":3,"featured_media":0,"comment_status":"open","ping_status":"open","sticky":false,"template":"","format":"standard","meta":{"footnotes":""},"categories":[31],"tags":[],"class_list":["post-97156","post","type-post","status-publish","format-standard","hentry","category-orbe"],"_links":{"self":[{"href":"https:\/\/plazajuarez.mx\/historico\/wp-json\/wp\/v2\/posts\/97156","targetHints":{"allow":["GET"]}}],"collection":[{"href":"https:\/\/plazajuarez.mx\/historico\/wp-json\/wp\/v2\/posts"}],"about":[{"href":"https:\/\/plazajuarez.mx\/historico\/wp-json\/wp\/v2\/types\/post"}],"author":[{"embeddable":true,"href":"https:\/\/plazajuarez.mx\/historico\/wp-json\/wp\/v2\/users\/3"}],"replies":[{"embeddable":true,"href":"https:\/\/plazajuarez.mx\/historico\/wp-json\/wp\/v2\/comments?post=97156"}],"version-history":[{"count":0,"href":"https:\/\/plazajuarez.mx\/historico\/wp-json\/wp\/v2\/posts\/97156\/revisions"}],"wp:attachment":[{"href":"https:\/\/plazajuarez.mx\/historico\/wp-json\/wp\/v2\/media?parent=97156"}],"wp:term":[{"taxonomy":"category","embeddable":true,"href":"https:\/\/plazajuarez.mx\/historico\/wp-json\/wp\/v2\/categories?post=97156"},{"taxonomy":"post_tag","embeddable":true,"href":"https:\/\/plazajuarez.mx\/historico\/wp-json\/wp\/v2\/tags?post=97156"}],"curies":[{"name":"wp","href":"https:\/\/api.w.org\/{rel}","templated":true}]}}