{"id":9688,"date":"2015-08-20T13:38:00","date_gmt":"2015-08-20T13:38:00","guid":{"rendered":"http:\/\/plazajuarez.mx\/index\/index.php\/2015\/08\/20\/deberan-esperar-electrificacion-prometida\/"},"modified":"2015-08-20T13:38:00","modified_gmt":"2015-08-20T13:38:00","slug":"deberan-esperar-electrificacion-prometida","status":"publish","type":"post","link":"https:\/\/plazajuarez.mx\/historico\/deberan-esperar-electrificacion-prometida\/","title":{"rendered":"Deber\u00e1n esperar electrificaci\u00f3n prometida"},"content":{"rendered":"<p><strong>Ixmiquilpan<\/strong><\/p>\n<ul>\n<li><strong>Se las prometi\u00f3 el Ayuntamiento a vecinos de la manzana Garambullo <\/strong><\/li>\n<\/ul>\n<p><strong>La obra era prioritaria, sin embargo la delegaci\u00f3n municipal privilegi\u00f3 otro tipo de inversiones que tienen que ver con cuestiones de est\u00e9tica, entre ellas la pavimentaci\u00f3n de algunas calles y mejora de guarniciones, entre otras.<\/strong><\/p>\n<p>  <!--more-->  <\/p>\n<p>\u00a0<\/p>\n<p>En la comunidad de Panales, Ixmiquilpan, los habitantes de la manzana El Garambullo, tendr\u00e1n que esperar un a\u00f1o m\u00e1s para poder hacer realidad la electrificaci\u00f3n que les prometi\u00f3 el ayuntamiento.<\/p>\n<p>Una organizaci\u00f3n civil, en febrero pasado, hizo un convenio con el Ayuntamiento para la realizaci\u00f3n de diversas obras de infraestructura b\u00e1sica en diferentes localidades, donde se incluy\u00f3 una ampliaci\u00f3n de electrificaci\u00f3n para beneficiar a esta manzana de Panales.<\/p>\n<p>Sin embargo, en las obras validadas por la Secretar\u00eda de Planeaci\u00f3n, Desarrollo Regional y Metropolitano (Sepladerym), no se incluy\u00f3 la de El Garambullo, a pesar de que era un compromiso de la Presidencia Municipal, la cual ser\u00eda financiada por el Fondo Municipal de Aportaciones.<\/p>\n<p>Un grupo de vecinos del poblado, acusaron a la delegaci\u00f3n municipal de no haber priorizado esta obra, que se trata de las necesidades b\u00e1sicas a cubrir en la localidad, donde a\u00fan existen rezagos en materia de infraestructura b\u00e1sica.<\/p>\n<p>El compromiso del Ayuntamiento era apoyar esta obra debido a que forma parte de las necesidades b\u00e1sicas del municipio, toda vez que debe cumplirse con el decreto del gobierno federal de resolver primero todos los problemas de infraestructura.<\/p>\n<p>Sostienen, que la obra era prioritaria, sin embargo la delegaci\u00f3n municipal privilegi\u00f3 otro tipo de inversiones que tienen que ver con cuestiones de est\u00e9tica, entre ellas la pavimentaci\u00f3n de algunas calles y mejora de guarniciones, entre otras.<\/p>\n<p>La ampliaci\u00f3n de esta electrificaci\u00f3n, habr\u00eda de beneficiar a un promedio de 60 familias que carecen del servicio, se colocar\u00edan 52 postes y se tendr\u00eda una inversi\u00f3n superior al mill\u00f3n de pesos. Cabe se\u00f1alar, que la molestia es tambi\u00e9n hacia la Presidencia Municipal, por el incumplimiento de los compromisos adquiridos en febrero de este a\u00f1o.<\/p>\n","protected":false},"excerpt":{"rendered":"<p>Ixmiquilpan Se las prometi\u00f3 el Ayuntamiento a vecinos de la manzana Garambullo La obra era prioritaria, sin embargo la delegaci\u00f3n municipal privilegi\u00f3 otro tipo de inversiones que tienen que ver con cuestiones de est\u00e9tica, entre ellas la pavimentaci\u00f3n de algunas calles y mejora de guarniciones, entre otras.<\/p>\n","protected":false},"author":93,"featured_media":0,"comment_status":"open","ping_status":"open","sticky":false,"template":"","format":"standard","meta":{"footnotes":""},"categories":[40],"tags":[],"class_list":["post-9688","post","type-post","status-publish","format-standard","hentry","category-region"],"_links":{"self":[{"href":"https:\/\/plazajuarez.mx\/historico\/wp-json\/wp\/v2\/posts\/9688","targetHints":{"allow":["GET"]}}],"collection":[{"href":"https:\/\/plazajuarez.mx\/historico\/wp-json\/wp\/v2\/posts"}],"about":[{"href":"https:\/\/plazajuarez.mx\/historico\/wp-json\/wp\/v2\/types\/post"}],"author":[{"embeddable":true,"href":"https:\/\/plazajuarez.mx\/historico\/wp-json\/wp\/v2\/users\/93"}],"replies":[{"embeddable":true,"href":"https:\/\/plazajuarez.mx\/historico\/wp-json\/wp\/v2\/comments?post=9688"}],"version-history":[{"count":0,"href":"https:\/\/plazajuarez.mx\/historico\/wp-json\/wp\/v2\/posts\/9688\/revisions"}],"wp:attachment":[{"href":"https:\/\/plazajuarez.mx\/historico\/wp-json\/wp\/v2\/media?parent=9688"}],"wp:term":[{"taxonomy":"category","embeddable":true,"href":"https:\/\/plazajuarez.mx\/historico\/wp-json\/wp\/v2\/categories?post=9688"},{"taxonomy":"post_tag","embeddable":true,"href":"https:\/\/plazajuarez.mx\/historico\/wp-json\/wp\/v2\/tags?post=9688"}],"curies":[{"name":"wp","href":"https:\/\/api.w.org\/{rel}","templated":true}]}}