{"id":9687,"date":"2015-08-20T13:37:36","date_gmt":"2015-08-20T13:37:36","guid":{"rendered":"http:\/\/plazajuarez.mx\/index\/index.php\/2015\/08\/20\/sigue-latente-el-peligro-de-colapso-de-viviendas-en-las-emes\/"},"modified":"2015-08-20T13:37:36","modified_gmt":"2015-08-20T13:37:36","slug":"sigue-latente-el-peligro-de-colapso-de-viviendas-en-las-emes","status":"publish","type":"post","link":"https:\/\/plazajuarez.mx\/historico\/sigue-latente-el-peligro-de-colapso-de-viviendas-en-las-emes\/","title":{"rendered":"Sigue latente el peligro de colapso  de viviendas en \u201cLas Emes\u201d"},"content":{"rendered":"<p><strong>Ixmiquilpan<\/strong><\/p>\n<ul>\n<li><strong>El Servicio Geol\u00f3gico Mexicano hizo estudios, pero v\u00eda sat\u00e9lite, con el que determin\u00f3 que 12 familias deb\u00edan ser reubicadas; buscan estudio alterno <\/strong><\/li>\n<\/ul>\n<p>\u00a0<\/p>\n<p>Hoy, los vecinos de esta localidad, sostendr\u00e1n nuevamente una reuni\u00f3n con el Subsecretario de Gobernaci\u00f3n, Alejandro Ram\u00edrez Furiati, para plantear una posible soluci\u00f3n a su problem\u00e1tica. Cabe se\u00f1alar, que la presidencia, se comprometi\u00f3 junto con la delegaci\u00f3n municipal, a establecer dentro del propio poblado un refugio temporal.<\/p>\n<p>  <!--more-->  <\/p>\n<p>\u00a0<\/p>\n<p>El Servicio Geol\u00f3gico Mexicano (SGM), hizo estudios solamente v\u00eda sat\u00e9lite en la comunidad de Las Emes, donde se ha determinado que 12 familias tendr\u00e1n que ser reubicadas, porque sus viviendas colapsar\u00e1n ante el desplazamiento de tierra.<\/p>\n<p>La Presidencia Municipal ha buscado un estudio alterno, el cual realizar\u00e1 la Universidad Nacional Aut\u00f3noma de M\u00e9xico (UNAM), con el cual se espera lleve a cabo un trabajo de campo, donde se estudie el suelo.<\/p>\n<p>El director de Protecci\u00f3n Civil (PC) de Ixmiquilpan, Sabino Fuentes, explic\u00f3 que tras las recomendaciones hechas por el SGM, se hicieron visitas oculares en la zona del peligro, donde fueron localizadas las viviendas con los da\u00f1os estructurales.<\/p>\n<p>Expuso, que las afectaciones a las viviendas no son nuevas, son fisuras que provocaron los trabajos de construcci\u00f3n de la carretera Orizabita-Las Emes- Nicol\u00e1s Flores, cuando fue ampliada y modernizada, los trabajos realizados por la maquinaria pesada, provocaron desplazamientos de tierra y movimientos en el suelo.<\/p>\n<p>La modernizaci\u00f3n de esa carretera tiene aproximadamente ocho a\u00f1os, expuso el funcionario, es el tiempo que tienen las grietas en las viviendas, hasta ahora ninguna est\u00e1 en riesgo de colapsarse.<\/p>\n","protected":false},"excerpt":{"rendered":"<p>Ixmiquilpan El Servicio Geol\u00f3gico Mexicano hizo estudios, pero v\u00eda sat\u00e9lite, con el que determin\u00f3 que 12 familias deb\u00edan ser reubicadas; buscan estudio alterno \u00a0 Hoy, los vecinos de esta localidad, sostendr\u00e1n nuevamente una reuni\u00f3n con el Subsecretario de Gobernaci\u00f3n, Alejandro Ram\u00edrez Furiati, para plantear una posible soluci\u00f3n a su problem\u00e1tica. Cabe se\u00f1alar, que la presidencia, [&hellip;]<\/p>\n","protected":false},"author":93,"featured_media":0,"comment_status":"open","ping_status":"open","sticky":false,"template":"","format":"standard","meta":{"footnotes":""},"categories":[40],"tags":[],"class_list":["post-9687","post","type-post","status-publish","format-standard","hentry","category-region"],"_links":{"self":[{"href":"https:\/\/plazajuarez.mx\/historico\/wp-json\/wp\/v2\/posts\/9687","targetHints":{"allow":["GET"]}}],"collection":[{"href":"https:\/\/plazajuarez.mx\/historico\/wp-json\/wp\/v2\/posts"}],"about":[{"href":"https:\/\/plazajuarez.mx\/historico\/wp-json\/wp\/v2\/types\/post"}],"author":[{"embeddable":true,"href":"https:\/\/plazajuarez.mx\/historico\/wp-json\/wp\/v2\/users\/93"}],"replies":[{"embeddable":true,"href":"https:\/\/plazajuarez.mx\/historico\/wp-json\/wp\/v2\/comments?post=9687"}],"version-history":[{"count":0,"href":"https:\/\/plazajuarez.mx\/historico\/wp-json\/wp\/v2\/posts\/9687\/revisions"}],"wp:attachment":[{"href":"https:\/\/plazajuarez.mx\/historico\/wp-json\/wp\/v2\/media?parent=9687"}],"wp:term":[{"taxonomy":"category","embeddable":true,"href":"https:\/\/plazajuarez.mx\/historico\/wp-json\/wp\/v2\/categories?post=9687"},{"taxonomy":"post_tag","embeddable":true,"href":"https:\/\/plazajuarez.mx\/historico\/wp-json\/wp\/v2\/tags?post=9687"}],"curies":[{"name":"wp","href":"https:\/\/api.w.org\/{rel}","templated":true}]}}