{"id":96664,"date":"2019-12-27T23:46:23","date_gmt":"2019-12-27T23:46:23","guid":{"rendered":"http:\/\/plazajuarez.mx\/index\/index.php\/2019\/12\/27\/bolivia-acusa-a-la-embajada-de-espana-de-atropellos-a-su-soberania\/"},"modified":"2019-12-27T23:46:23","modified_gmt":"2019-12-27T23:46:23","slug":"bolivia-acusa-a-la-embajada-de-espana-de-atropellos-a-su-soberania","status":"publish","type":"post","link":"https:\/\/plazajuarez.mx\/historico\/bolivia-acusa-a-la-embajada-de-espana-de-atropellos-a-su-soberania\/","title":{"rendered":"Bolivia acusa a la Embajada de Espa\u00f1a de &#8220;atropellos&#8221; a su soberan\u00eda"},"content":{"rendered":"<p style=\"text-align: justify;\"><span style=\"font-weight: 400;\">Longaric ley\u00f3 ante los medios en La Paz un comunicado en el que detall\u00f3 que el incidente se produjo en la residencia de la embajadora de M\u00e9xico en Bolivia, Mar\u00eda Teresa Mercado.<\/span><\/p>\n<p>  <!--more-->  <\/p>\n<p style=\"text-align: justify;\"><span style=\"font-weight: 400;\">Bolivia acus\u00f3 este viernes a la Embajada de Espa\u00f1a en La Paz de cometer &#8220;atropellos&#8221; a su soberan\u00eda, por un incidente con la Polic\u00eda Boliviana que custodia una sede diplom\u00e1tica de M\u00e9xico en esta ciudad.<\/span><\/p>\n<p style=\"text-align: justify;\">\u00a0<\/p>\n<p style=\"text-align: justify;\"><span style=\"font-weight: 400;\">La canciller interina de Bolivia, Karen Longaric, anunci\u00f3 una nota de protesta ante el Ministerio de Asuntos Exteriores de Espa\u00f1a, por el incidente provocado al parecer por funcionarios de la embajada espa\u00f1ola que iban &#8220;encapuchados&#8221; y &#8220;presumiblemente armados&#8221;.<\/span><\/p>\n<p style=\"text-align: justify;\">\u00a0<\/p>\n<p style=\"text-align: justify;\"><span style=\"font-weight: 400;\">EL INCIDENTE<\/span><\/p>\n<p style=\"text-align: justify;\">\u00a0<\/p>\n<p style=\"text-align: justify;\"><span style=\"font-weight: 400;\">Longaric ley\u00f3 ante los medios en La Paz un comunicado en el que detall\u00f3 que el incidente se produjo en la residencia de la embajadora de M\u00e9xico en Bolivia, Mar\u00eda Teresa Mercado.<\/span><\/p>\n<p style=\"text-align: justify;\">\u00a0<\/p>\n<p style=\"text-align: justify;\"><span style=\"font-weight: 400;\">La residencia se cree que alberga a alrededor de una decena de personas a las que el Gobierno interino de Bolivia acus\u00f3 ante la Justicia de distintos delitos, entre ellas varios exministros de la etapa de Evo Morales procesados por acusaciones como terrorismo.<\/span><\/p>\n<p style=\"text-align: justify;\">\u00a0<\/p>\n<p style=\"text-align: justify;\"><span style=\"font-weight: 400;\">El Ejecutivo provisional de Jeanine \u00c1\u00f1ez calific\u00f3 el incidente de &#8220;atropello a la soberan\u00eda&#8221; de Bolivia, despu\u00e9s de que fueran &#8220;identificados como funcionarios de la embajada de Espa\u00f1a en Bolivia&#8221; que iban &#8220;acompa\u00f1ados por encapuchados&#8221;.<\/span><\/p>\n<p style=\"text-align: justify;\">\u00a0<\/p>\n<p style=\"text-align: justify;\"><span style=\"font-weight: 400;\">La ministra interina de Exteriores de Bolivia se\u00f1al\u00f3 que estas personas &#8220;intentaron ingresar de forma subrepticia y clandestina a la residencia diplom\u00e1tica&#8221;.<\/span><\/p>\n<p style=\"text-align: justify;\">\u00a0<\/p>\n<p style=\"text-align: justify;\"><span style=\"font-weight: 400;\">&#8220;La Polic\u00eda Boliviana fren\u00f3 el ingreso de los veh\u00edculos&#8221;, con matr\u00edculas de la embajada espa\u00f1ola, ya que &#8220;la presencia de encapuchados representaba una potencial amenaza&#8221;, coment\u00f3.<\/span><\/p>\n<p style=\"text-align: justify;\">\u00a0<\/p>\n<p style=\"text-align: justify;\"><span style=\"font-weight: 400;\">Karen Longaric afirm\u00f3 que despu\u00e9s pudo ingresar el personal diplom\u00e1tico de Espa\u00f1a de forma &#8220;libre&#8221;.<\/span><\/p>\n<p style=\"text-align: justify;\">\u00a0<\/p>\n<p style=\"text-align: justify;\"><span style=\"font-weight: 400;\">PROTESTA ANTES ESPA\u00d1A<\/span><\/p>\n<p style=\"text-align: justify;\">\u00a0<\/p>\n<p style=\"text-align: justify;\"><span style=\"font-weight: 400;\">La canciller interina culp\u00f3 a Espa\u00f1a de vulnerar la Convenci\u00f3n de Viena, provocando &#8220;una amenaza evidente&#8221; a la residencia mexicana al no respetar su &#8220;inviolabilidad&#8221;, ya que el personal diplom\u00e1tico no puede portar armas de fuego &#8220;ni ocultar su identidad&#8221;.<\/span><\/p>\n<p style=\"text-align: justify;\">\u00a0<\/p>\n<p style=\"text-align: justify;\"><span style=\"font-weight: 400;\">&#8220;Estos atropellos afectan profundamente a la dignidad y la soberan\u00eda del Estado boliviano&#8221;, denunci\u00f3.<\/span><\/p>\n<p style=\"text-align: justify;\">\u00a0<\/p>\n<p style=\"text-align: justify;\"><span style=\"font-weight: 400;\">Longaric critic\u00f3 &#8220;la incomprensi\u00f3n de algunos gobiernos, que guiados por compromisos ideol\u00f3gicos y sin entender aspectos sustanciales inherentes a nuestra realidad nacional, comenten actos de injerencia directa&#8221;.<\/span><\/p>\n<p style=\"text-align: justify;\">\u00a0<\/p>\n<p style=\"text-align: justify;\"><span style=\"font-weight: 400;\">&#8220;Los hechos son evidentes&#8221;, recalc\u00f3, a la vez que se pregunt\u00f3 por qu\u00e9 iban a visitar a la embajadora mexicana &#8220;con gente con el rostro cubierto y presumiblemente armada&#8221;.<\/span><\/p>\n<p style=\"text-align: justify;\">\u00a0<\/p>\n<p style=\"text-align: justify;\"><span style=\"font-weight: 400;\">TENSI\u00d3N CON M\u00c9XICO<\/span><\/p>\n<p style=\"text-align: justify;\">\u00a0<\/p>\n<p style=\"text-align: justify;\"><span style=\"font-weight: 400;\">La comparecencia de la canciller transitoria se produjo despu\u00e9s de que aparecieran en redes sociales distintos comentarios sobre el incidente, uno ellos de la propia embajadora mexicana, aunque luego fue retirado de Twitter.<\/span><\/p>\n<p style=\"text-align: justify;\">\u00a0<\/p>\n<p style=\"text-align: justify;\"><span style=\"font-weight: 400;\">El mensaje dec\u00eda: &#8220;Estoy con encargada de negocios y c\u00f3nsul Espa\u00f1a en residencia, han detenido su auto con placas diplom\u00e1ticas adem\u00e1s de haberlos agredido!!!! Eso es violaci\u00f3n a la CVRD!!!! -Convenci\u00f3n de Viena sobre el Derecho de los Tratados- Adem\u00e1s de estar ingresando autos con militares fuertemente armados!&#8221;.<\/span><\/p>\n<p style=\"text-align: justify;\">\u00a0<\/p>\n<p style=\"text-align: justify;\"><span style=\"font-weight: 400;\">El Gobierno de M\u00e9xico, por su parte, denunci\u00f3 que polic\u00edas bolivianos, que mantienen vigiladas las sedes diplom\u00e1ticas mexicanas en La Paz, bloquearon la salida de diplom\u00e1ticos espa\u00f1oles que estaban en la residencia de la embajadora.<\/span><\/p>\n<p style=\"text-align: justify;\">\u00a0<\/p>\n<p style=\"text-align: justify;\"><span style=\"font-weight: 400;\">Seg\u00fan un comunicado de la Canciller\u00eda mexicana, el c\u00f3nsul de Espa\u00f1a en Bolivia, \u00c1lvaro Fern\u00e1ndez, y la encargada de negocios de la embajada espa\u00f1ola, Cristina Borreguero, estuvieron m\u00e1s de una hora esperando a poder abandonar la residencia porque la Polic\u00eda Boliviana imped\u00eda el paso de sus ch\u00f3feres.<\/span><\/p>\n<p style=\"text-align: justify;\">\u00a0<\/p>\n<p style=\"text-align: justify;\"><span style=\"font-weight: 400;\">Bolivia y M\u00e9xico mantiene una constante tensi\u00f3n diplom\u00e1tica desde que Evo Morales fue acogido en el pa\u00eds, tras renunciar al poder el pasado noviembre denunciado un golpe de Estado para derrocarlo.<\/span><\/p>\n<p style=\"text-align: justify;\">\u00a0<\/p>\n<p style=\"text-align: justify;\"><span style=\"font-weight: 400;\">M\u00e9xico acusa a Bolivia de asediar sus sedes diplom\u00e1ticas en La Paz, mientras que el Gobierno interino del pa\u00eds sudamericano denuncia que acogen a perseguidos por la Justicia boliviana.<\/span><\/p>\n","protected":false},"excerpt":{"rendered":"<p>Longaric ley\u00f3 ante los medios en La Paz un comunicado en el que detall\u00f3 que el incidente se produjo en la residencia de la embajadora de M\u00e9xico en Bolivia, Mar\u00eda Teresa Mercado.<\/p>\n","protected":false},"author":1,"featured_media":0,"comment_status":"open","ping_status":"open","sticky":false,"template":"","format":"standard","meta":{"footnotes":""},"categories":[31],"tags":[],"class_list":["post-96664","post","type-post","status-publish","format-standard","hentry","category-orbe"],"_links":{"self":[{"href":"https:\/\/plazajuarez.mx\/historico\/wp-json\/wp\/v2\/posts\/96664","targetHints":{"allow":["GET"]}}],"collection":[{"href":"https:\/\/plazajuarez.mx\/historico\/wp-json\/wp\/v2\/posts"}],"about":[{"href":"https:\/\/plazajuarez.mx\/historico\/wp-json\/wp\/v2\/types\/post"}],"author":[{"embeddable":true,"href":"https:\/\/plazajuarez.mx\/historico\/wp-json\/wp\/v2\/users\/1"}],"replies":[{"embeddable":true,"href":"https:\/\/plazajuarez.mx\/historico\/wp-json\/wp\/v2\/comments?post=96664"}],"version-history":[{"count":0,"href":"https:\/\/plazajuarez.mx\/historico\/wp-json\/wp\/v2\/posts\/96664\/revisions"}],"wp:attachment":[{"href":"https:\/\/plazajuarez.mx\/historico\/wp-json\/wp\/v2\/media?parent=96664"}],"wp:term":[{"taxonomy":"category","embeddable":true,"href":"https:\/\/plazajuarez.mx\/historico\/wp-json\/wp\/v2\/categories?post=96664"},{"taxonomy":"post_tag","embeddable":true,"href":"https:\/\/plazajuarez.mx\/historico\/wp-json\/wp\/v2\/tags?post=96664"}],"curies":[{"name":"wp","href":"https:\/\/api.w.org\/{rel}","templated":true}]}}