{"id":96663,"date":"2019-12-27T22:10:35","date_gmt":"2019-12-27T22:10:35","guid":{"rendered":"http:\/\/plazajuarez.mx\/index\/index.php\/2019\/12\/27\/copppal-propone-a-panama-para-el-dialogo-entre-mexico-y-bolivia\/"},"modified":"2019-12-27T22:10:35","modified_gmt":"2019-12-27T22:10:35","slug":"copppal-propone-a-panama-para-el-dialogo-entre-mexico-y-bolivia","status":"publish","type":"post","link":"https:\/\/plazajuarez.mx\/historico\/copppal-propone-a-panama-para-el-dialogo-entre-mexico-y-bolivia\/","title":{"rendered":"Copppal propone a Panam\u00e1 para el di\u00e1logo entre M\u00e9xico y Bolivia"},"content":{"rendered":"<p>La Conferencia Permanente de Partidos Pol\u00edticos de Am\u00e9rica Latina y el Caribe (Coppppal) ofreci\u00f3 su apoyo para encontrar una soluci\u00f3n al conflicto que viven actualmente M\u00e9xico y Bolivia. Consider\u00f3 que la Rep\u00fablica de Panam\u00e1 puede ser un buen espacio para el di\u00e1logo. <!--more--> <\/p>\n<p>  &#8220;La Copppal que preside actualmente el mexicano Alejandro Moreno, expres\u00f3 que el di\u00e1logo franco, sincero, entre amigos, es el mejor mecanismo para encontrar una soluci\u00f3n a las diferencias que se presentan entre pa\u00edses hermanos, por lo que consulta y ofrece sus buenos oficios a las partes para abrir un espacio de reflexi\u00f3n y negociaci\u00f3n que propone se realice en la Rep\u00fablica de Panam\u00e1&#8221;, difundi\u00f3 el organismo.<\/p>\n<p>  Record\u00f3 que desde 1979 la Copppal est\u00e1 comprometida con la paz y estabilidad de Am\u00e9rica Latina y El Caribe, por ello cuenta con la Comisi\u00f3n de Paz y Democracia, Mecanismo de Reacci\u00f3n y Resoluci\u00f3n de Conflictos, instancia dise\u00f1ada para coadyuvar en la resoluci\u00f3n de conflictos generados por los desacuerdos que se suscitan en los pa\u00edses de la regi\u00f3n.<\/p>\n<p>  Alejandro Moreno, quien es \u2013adem\u00e1s- el dirigente nacional del PRI, expuso que la Copppal despliega su capacidad para mantener la paz en la regi\u00f3n, como tradicionalmente lo ha hecho durante sus 40 a\u00f1os de vida.<\/p>\n<p>  Para 2020, a\u00f1adi\u00f3, se redoblar\u00e1 el trabajo a favor de la soluci\u00f3n pac\u00edfica de las controversias y en la promoci\u00f3n del entendimiento mutuo.<\/p>\n<p>  Alejandro Moreno C\u00e1rdenas, presidente de la Copppal, se sum\u00f3 recientemente al mensaje emitido de manera conjunta por el secretario general de la ONU, Antonio Guti\u00e9rrez y el Papa Francisco de estar unidos por la paz y la armon\u00eda en estos tiempos turbulentos y desafiantes en los que &#8220;la confianza en el di\u00e1logo entre las personas y entre las naciones, en el multilateralismo, en el papel de las organizaciones internacionales, en la diplomacia como instrumento para la comprensi\u00f3n y el entendimiento, es indispensable para construir un mundo pac\u00edfico&#8221;, se difundi\u00f3 en el comunicado.<\/p>\n<p>  La Conferencia Permanente de Partidos Pol\u00edticos de Am\u00e9rica Latina y el Caribe, es una organizaci\u00f3n internacional integrada por m\u00e1s de 60 partidos pol\u00edticos de 29 pa\u00edses de la regi\u00f3n.<\/p>\n<p>\n","protected":false},"excerpt":{"rendered":"<p>La Conferencia Permanente de Partidos Pol\u00edticos de Am\u00e9rica Latina y el Caribe (Coppppal) ofreci\u00f3 su apoyo para encontrar una soluci\u00f3n al conflicto que viven actualmente M\u00e9xico y Bolivia. Consider\u00f3 que la Rep\u00fablica de Panam\u00e1 puede ser un buen espacio para el di\u00e1logo.<\/p>\n","protected":false},"author":6,"featured_media":0,"comment_status":"open","ping_status":"open","sticky":false,"template":"","format":"standard","meta":{"footnotes":""},"categories":[36],"tags":[],"class_list":["post-96663","post","type-post","status-publish","format-standard","hentry","category-nacion"],"_links":{"self":[{"href":"https:\/\/plazajuarez.mx\/historico\/wp-json\/wp\/v2\/posts\/96663","targetHints":{"allow":["GET"]}}],"collection":[{"href":"https:\/\/plazajuarez.mx\/historico\/wp-json\/wp\/v2\/posts"}],"about":[{"href":"https:\/\/plazajuarez.mx\/historico\/wp-json\/wp\/v2\/types\/post"}],"author":[{"embeddable":true,"href":"https:\/\/plazajuarez.mx\/historico\/wp-json\/wp\/v2\/users\/6"}],"replies":[{"embeddable":true,"href":"https:\/\/plazajuarez.mx\/historico\/wp-json\/wp\/v2\/comments?post=96663"}],"version-history":[{"count":0,"href":"https:\/\/plazajuarez.mx\/historico\/wp-json\/wp\/v2\/posts\/96663\/revisions"}],"wp:attachment":[{"href":"https:\/\/plazajuarez.mx\/historico\/wp-json\/wp\/v2\/media?parent=96663"}],"wp:term":[{"taxonomy":"category","embeddable":true,"href":"https:\/\/plazajuarez.mx\/historico\/wp-json\/wp\/v2\/categories?post=96663"},{"taxonomy":"post_tag","embeddable":true,"href":"https:\/\/plazajuarez.mx\/historico\/wp-json\/wp\/v2\/tags?post=96663"}],"curies":[{"name":"wp","href":"https:\/\/api.w.org\/{rel}","templated":true}]}}