{"id":96662,"date":"2019-12-27T20:08:33","date_gmt":"2019-12-27T20:08:33","guid":{"rendered":"http:\/\/plazajuarez.mx\/index\/index.php\/2019\/12\/27\/fernando-del-solar-esta-hospitalizado-por-un-problema-pulmonar\/"},"modified":"2019-12-27T20:08:33","modified_gmt":"2019-12-27T20:08:33","slug":"fernando-del-solar-esta-hospitalizado-por-un-problema-pulmonar","status":"publish","type":"post","link":"https:\/\/plazajuarez.mx\/historico\/fernando-del-solar-esta-hospitalizado-por-un-problema-pulmonar\/","title":{"rendered":"Fernando del Solar est\u00e1 hospitalizado por un problema pulmonar"},"content":{"rendered":"<p>Luego de la preocupaci\u00f3n que se ocasion\u00f3 debido a la noticia de que el presentador Fernando del Solar se encontraba en terapia intensiva, su manager Aar\u00f3n Olvera aclar\u00f3 que s\u00f3lo se trata de un cuadro de neumon\u00eda. <!--more--> <\/p>\n<p>  &#8220;Justo por estas fechas, los fr\u00edos y el tipo de enfermedades que se presentan en esta \u00e9poca lo \u00fanico es que Fer debe tener un poco de cuidado porque se present\u00f3 un cuadro de neumon\u00eda que afortunadamente ya lo est\u00e1 tratando&#8221;, dijo Olvera.<\/p>\n<p>  En octubre pasado Del Solar decidi\u00f3 abandonar el programa de televisi\u00f3n &#8220;Venga la Alegr\u00eda&#8221; debido a que ten\u00eda unas complicaciones del h\u00edgado que requer\u00edan del cuidado de su alimentaci\u00f3n y reposo. Entonces explic\u00f3 que no se trataba por una reca\u00edda del c\u00e1ncer que lo hab\u00eda afectado a\u00f1os atr\u00e1s y en este caso, tampoco se trata de un s\u00edntoma relacionado.<\/p>\n<p>  &#8220;Hay que entender que \u00e9l por los antecedentes cl\u00ednicos que tiene pues debe de tener m\u00e1s cuidado entonces en realidad pues nada m\u00e1s es eso&#8221;, aclar\u00f3 su manager.<\/p>\n<p>  Mientras tanto, el actor dej\u00f3 un mensaje en Instagram para sus seguidores justo antes de ser ingresado al hospital \u00c1ngeles del Pedregal, el 23 de diciembre, donde se lee entusiasmado: Vamoooos!!! \u00bfListos para recibir la navidad? \u00a1Arriba los corazones!<\/p>\n<p>\n","protected":false},"excerpt":{"rendered":"<p>Luego de la preocupaci\u00f3n que se ocasion\u00f3 debido a la noticia de que el presentador Fernando del Solar se encontraba en terapia intensiva, su manager Aar\u00f3n Olvera aclar\u00f3 que s\u00f3lo se trata de un cuadro de neumon\u00eda.<\/p>\n","protected":false},"author":6,"featured_media":0,"comment_status":"open","ping_status":"open","sticky":false,"template":"","format":"standard","meta":{"footnotes":""},"categories":[38],"tags":[],"class_list":["post-96662","post","type-post","status-publish","format-standard","hentry","category-show"],"_links":{"self":[{"href":"https:\/\/plazajuarez.mx\/historico\/wp-json\/wp\/v2\/posts\/96662","targetHints":{"allow":["GET"]}}],"collection":[{"href":"https:\/\/plazajuarez.mx\/historico\/wp-json\/wp\/v2\/posts"}],"about":[{"href":"https:\/\/plazajuarez.mx\/historico\/wp-json\/wp\/v2\/types\/post"}],"author":[{"embeddable":true,"href":"https:\/\/plazajuarez.mx\/historico\/wp-json\/wp\/v2\/users\/6"}],"replies":[{"embeddable":true,"href":"https:\/\/plazajuarez.mx\/historico\/wp-json\/wp\/v2\/comments?post=96662"}],"version-history":[{"count":0,"href":"https:\/\/plazajuarez.mx\/historico\/wp-json\/wp\/v2\/posts\/96662\/revisions"}],"wp:attachment":[{"href":"https:\/\/plazajuarez.mx\/historico\/wp-json\/wp\/v2\/media?parent=96662"}],"wp:term":[{"taxonomy":"category","embeddable":true,"href":"https:\/\/plazajuarez.mx\/historico\/wp-json\/wp\/v2\/categories?post=96662"},{"taxonomy":"post_tag","embeddable":true,"href":"https:\/\/plazajuarez.mx\/historico\/wp-json\/wp\/v2\/tags?post=96662"}],"curies":[{"name":"wp","href":"https:\/\/api.w.org\/{rel}","templated":true}]}}