{"id":96660,"date":"2019-12-27T16:16:05","date_gmt":"2019-12-27T16:16:05","guid":{"rendered":"http:\/\/plazajuarez.mx\/index\/index.php\/2019\/12\/27\/amlo-responde-a-insultos-no-vamos-a-engancharnos\/"},"modified":"2019-12-27T16:16:05","modified_gmt":"2019-12-27T16:16:05","slug":"amlo-responde-a-insultos-no-vamos-a-engancharnos","status":"publish","type":"post","link":"https:\/\/plazajuarez.mx\/historico\/amlo-responde-a-insultos-no-vamos-a-engancharnos\/","title":{"rendered":"AMLO responde a insultos; no vamos a engancharnos"},"content":{"rendered":"<p>Tras los insultos del expresidente de Bolivia, Tuto Quiroga, el presidente de M\u00e9xico, Andr\u00e9s Manuel L\u00f3pez Obrador, afirm\u00f3 que no caer\u00e1 en provocaciones ni se enganchar\u00e1 en dimes y diretes. <!--more--> <\/p>\n<p> &#8220;Vamos a esperar para que este asunto diplom\u00e1tico se resuelva, no vamos a engancharnos en dimes y diretes, no est\u00e1 a nuestro nivel&#8221;, asegur\u00f3 el mandatario en su conferencia de prensa ma\u00f1anera, en Palacio Nacional.<\/p>\n<p> Ayer, el exmandatario de Bolivia calific\u00f3 al presidente L\u00f3pez Obrador de &#8220;cobarde matoncito&#8221;, luego de que el pol\u00edtico tabasque\u00f1o defendiera el derecho de asilo que se dio a ex funcionarios del gobierno de Evo Morales en la embajada de M\u00e9xico en La Paz.<\/p>\n<p> El presidente de M\u00e9xico reiter\u00f3 su llamado a que se respete el derecho de asilo, que se act\u00fae con sensatez, y &#8220;que no vayan a invadir nuestra representaci\u00f3n diplom\u00e1tica&#8221;, ante el hostigamiento de la autoridad boliviana.<\/p>\n<p> &#8220;Nosotros vamos a seguir demandando que se respete la soberan\u00eda de nuestro pa\u00eds que se representa en el recinto de nuestra embajada&#8221;, coment\u00f3.<\/p>\n<p> <b>Unidad nacional, pide Marcelo Ebrard ante insultos desde Bolivia<\/b><\/p>\n<p> El secretario de Relaciones Exteriores, Marcelo Ebrard, destac\u00f3 ayer que ante los insultos dirigidos hacia el presidente L\u00f3pez Obrador, se impone la unidad nacional y la serenidad de una conciencia tranquila.<\/p>\n<p> El canciller mexicano se refiri\u00f3 as\u00ed tras los insultos que el expresidente de Bolivia, Tuto Quiroga, lanzara en contra del mandatario mexicano.<\/p>\n<p> A trav\u00e9s de su cuenta de Twitter, el Canciller mexicano, Marcelo Ebrard, presumi\u00f3 la unidad nacional.<\/p>\n<p> &#8220;Ante los adjetivos e insultos a M\u00e9xico y su Presidente, se imponen la unidad nacional y aquella serenidad que dan la conciencia tranquila y la solidez de la posici\u00f3n mexicana en defensa del derecho internacional y el respeto entre los pueblos&#8221;, escribi\u00f3 en su red social.<\/p>\n<p>  <b>Insultos a AMLO desde Bolivia ofenden al pa\u00eds: S\u00e1nchez Cordero<\/b><\/p>\n<p> Por su parte, la secretaria de Gobernaci\u00f3n, Olga S\u00e1nchez Cordero, rechaz\u00f3 los insultos que recibi\u00f3 el presidente Andr\u00e9s Manuel L\u00f3pez Obrador por parte de Jorge Quiroga, exmandatario de Bolivia.<\/p>\n<p> Luego de que Quiroga dijera a L\u00f3pez Obrador que es un &#8220;cobarde&#8221; y &#8220;c\u00ednico&#8221;, la titular de la Segob asever\u00f3 que esos comentarios &#8220;agreden a nuestras instituciones y ofenden a nuestro pa\u00eds&#8221;.<\/p>\n<p> S\u00e1nchez Cordero tambi\u00e9n expres\u00f3 a trav\u00e9s de Twitter que &#8220;es momento de unidad de todas y todos los mexicanos en torno a nuestra naci\u00f3n y de confiar en el derecho internacional ante la tensi\u00f3n que se vive con Bolivia&#8221;.<\/p>\n<p> Con estas declaraciones la responsable de la pol\u00edtica interior se suma a otros actores como Arturo Zald\u00edvar, ministro presidente de la Suprema Corte de Justicia de la Naci\u00f3n, quien mostr\u00f3 su respaldo al titular del Ejecutivo federal.<\/p>\n<p> Por otra parte, S\u00e1nchez Cordero tambi\u00e9n mencion\u00f3 que este fin de a\u00f1o estar\u00e1 atenta de lo que ocurra en el pa\u00eds y despachar\u00e1 desde la Ciudad de M\u00e9xico, mientras el Presidente de la Rep\u00fablica se toma unos d\u00edas de descanso.<\/p>\n<p>  <b>&#8220;Insultos contra AMLO no representan a Bolivia&#8221;: Monreal<\/b><\/p>\n<p> De igual forma, el presidente de la Junta de Coordinaci\u00f3n Pol\u00edtica (Jucopo) del Senado de la Rep\u00fablica, Ricardo Monreal \u00c1vila, lament\u00f3 los insultos que hizo el expresidente de Bolivia, Jorge Quiroga, contra el presidente de M\u00e9xico, Andr\u00e9s Manuel L\u00f3pez Obrador, y asegur\u00f3 que esos dichos no representan el sentir del pueblo de Bolivia.<\/p>\n<p> &#8220;Tenemos claro que los insultos de personeros contra el presidente Andr\u00e9s Manuel L\u00f3pez Obrador no representan el sentir del pueblo de Bolivia, sino la postura de un grupo pol\u00edtico que apuesta al golpe y a la fuerza, no a la democracia y al Estado de derecho&#8221;, escribi\u00f3.<\/p>\n<p> Ayer jueves, la C\u00e1mara Alta del Congreso mexicano se posicion\u00f3 en favor de que M\u00e9xico acuda a Corte Internacional de Justicia por el asedio que ha acusado la representaci\u00f3n mexicana en Bolivia, por parte de pol\u00edticas de aquel pa\u00eds en las instalaciones diplom\u00e1ticas, donde mantienen asilados a algunos exintegrantes del gobierno del expresidente boliviano Evo Morales.<\/p>\n<p>\n","protected":false},"excerpt":{"rendered":"<p>Tras los insultos del expresidente de Bolivia, Tuto Quiroga, el presidente de M\u00e9xico, Andr\u00e9s Manuel L\u00f3pez Obrador, afirm\u00f3 que no caer\u00e1 en provocaciones ni se enganchar\u00e1 en dimes y diretes.<\/p>\n","protected":false},"author":6,"featured_media":0,"comment_status":"open","ping_status":"open","sticky":false,"template":"","format":"standard","meta":{"footnotes":""},"categories":[36],"tags":[],"class_list":["post-96660","post","type-post","status-publish","format-standard","hentry","category-nacion"],"_links":{"self":[{"href":"https:\/\/plazajuarez.mx\/historico\/wp-json\/wp\/v2\/posts\/96660","targetHints":{"allow":["GET"]}}],"collection":[{"href":"https:\/\/plazajuarez.mx\/historico\/wp-json\/wp\/v2\/posts"}],"about":[{"href":"https:\/\/plazajuarez.mx\/historico\/wp-json\/wp\/v2\/types\/post"}],"author":[{"embeddable":true,"href":"https:\/\/plazajuarez.mx\/historico\/wp-json\/wp\/v2\/users\/6"}],"replies":[{"embeddable":true,"href":"https:\/\/plazajuarez.mx\/historico\/wp-json\/wp\/v2\/comments?post=96660"}],"version-history":[{"count":0,"href":"https:\/\/plazajuarez.mx\/historico\/wp-json\/wp\/v2\/posts\/96660\/revisions"}],"wp:attachment":[{"href":"https:\/\/plazajuarez.mx\/historico\/wp-json\/wp\/v2\/media?parent=96660"}],"wp:term":[{"taxonomy":"category","embeddable":true,"href":"https:\/\/plazajuarez.mx\/historico\/wp-json\/wp\/v2\/categories?post=96660"},{"taxonomy":"post_tag","embeddable":true,"href":"https:\/\/plazajuarez.mx\/historico\/wp-json\/wp\/v2\/tags?post=96660"}],"curies":[{"name":"wp","href":"https:\/\/api.w.org\/{rel}","templated":true}]}}