{"id":96657,"date":"2019-12-27T14:55:19","date_gmt":"2019-12-27T14:55:19","guid":{"rendered":"http:\/\/plazajuarez.mx\/index\/index.php\/2019\/12\/27\/murales-del-mercado-abelardo-rodriguez-estan-sin-dano-bellas-artes\/"},"modified":"2019-12-27T14:55:19","modified_gmt":"2019-12-27T14:55:19","slug":"murales-del-mercado-abelardo-rodriguez-estan-sin-dano-bellas-artes","status":"publish","type":"post","link":"https:\/\/plazajuarez.mx\/historico\/murales-del-mercado-abelardo-rodriguez-estan-sin-dano-bellas-artes\/","title":{"rendered":"Murales del mercado Abelardo Rodr\u00edguez est\u00e1n sin da\u00f1o: Bellas Artes"},"content":{"rendered":"<p>Cultura a salvo <br \/>\u00a0\u00a0 \u00a0\u2022\u00a0\u00a0 \u00a0El Instituto Nacional de Bellas Artes y Literatura (INBAL) inform\u00f3 que tras la inspecci\u00f3n al mercado, ninguna obra fue da\u00f1ada por el incendio del lunes\u2028<\/p>\n<p>  <!--more-->  <\/p>\n<p>Los murales que se encuentran en el mercado Abelardo L. Rodr\u00edguez, ubicado en el centro de la Ciudad de M\u00e9xico, no resultaron afectados tras el incendio del pasado lunes, se\u00f1al\u00f3 el Instituto Nacional de Bellas Artes y Literatura (INBAL). El Instituto indic\u00f3 a EL UNIVERSAL a trav\u00e9s de una tarjeta informativa, que personal de la Subdirecci\u00f3n General del Patrimonio Art\u00edstico Inmueble y del Taller de Obra Mural del Centro Nacional de Conservaci\u00f3n y Registro del Patrimonio Art\u00edstico Mueble (Cencropam) realizaron un recorrido por el mercado y determinaron que no hubo afectaciones en las obras de arte.<br \/>El lunes por la ma\u00f1ana se registr\u00f3 un incendio en diferentes locales del mercado Abelardo L. Rodr\u00edguez, ubicado en las calles Rep\u00fablica de Venezuela y Rodr\u00edguez Puebla, as\u00ed como el Callej\u00f3n Gir\u00f3n, de la Alcald\u00eda Cuauht\u00e9moc. El mercado Abelardo L. Rodr\u00edguez, se caracteriza por contar con obras murales.<br \/>&#8220;Los alimentos y los problemas del obrero&#8221;, de Antonio Pujol; &#8220;Influencia de las vitaminas&#8221;, de \u00c1ngel Bracho; &#8220;Escenas populares&#8221;, de Pedro Rend\u00f3n, y &#8220;Las labores del campo&#8221;, de Ram\u00f3n Alva Guadarrama, son obras que est\u00e1n cerca a la calle Rep\u00fablica de Venezuela. Mientras que en la parte de la fachada que da hacia el Callej\u00f3n Gir\u00f3n est\u00e1n las piezas de Ra\u00fal Gamboa y Miguel Tzab, ambas tituladas &#8220;Los mercados&#8221;. En el muro que colinda con la calle de Rodr\u00edguez de Puebla est\u00e1n \u201cLas labores del campo&#8221;, de Ram\u00f3n Alva; &#8220;La industrializaci\u00f3n del campo&#8221;, de Marion Greenwood, y &#8220;La miner\u00eda&#8221;, de Grace Greenwood.<br \/>El INBAL se\u00f1al\u00f3 que los murales &#8220;Historia de M\u00e9xico&#8221; (1935), de Isamu Noguchi, y &#8220;La miner\u00eda&#8221; (1935) y &#8220;La industrializaci\u00f3n del campo&#8221; (1935) de las hermanas Greenwood, ubicados en el lado nororiente del mercado, \u201cno presentan afectaciones\u201d. Sin embargo, el INBAL agreg\u00f3 que actualmente el Cencropam realiza trabajos de restauraci\u00f3n del mural &#8220;Influencia de las vitaminas&#8221; (1934-1935), de \u00c1ngel Bracho.<br \/>\u201cLa restauraci\u00f3n de la obra de Bracho se realiza en colaboraci\u00f3n con la Autoridad del Centro Hist\u00f3rico, la Alcald\u00eda Cuauht\u00e9moc, as\u00ed como los locatarios del Mercado Abelardo L. Rodr\u00edguez\u201d. EL UNIVERSAL busc\u00f3 a la Alcald\u00eda Cuauht\u00e9moc, pero en el \u00e1rea de Comunicaci\u00f3n Social, la demarcaci\u00f3n dijo que el resguardo de los murales es un asunto que le compete a la Secretar\u00eda de Cultura de la Ciudad de M\u00e9xico y al INBAL.<br \/>Por su parte, la Secretar\u00eda de Cultura dijo que es tema de la Alcald\u00eda Cuauht\u00e9moc, aunque dijo: \u201cLa Secretar\u00eda est\u00e1 en disposici\u00f3n de ayudar al INBAL en cuanto a los probables da\u00f1os que se determinen del patrimonio mural\u00edstico y tocante a la estructura. Se apoyar\u00e1 a la empresa que el propio INBAL determine\u201d.<\/p>\n","protected":false},"excerpt":{"rendered":"<p>Cultura a salvo \u00a0\u00a0 \u00a0\u2022\u00a0\u00a0 \u00a0El Instituto Nacional de Bellas Artes y Literatura (INBAL) inform\u00f3 que tras la inspecci\u00f3n al mercado, ninguna obra fue da\u00f1ada por el incendio del lunes\u2028<\/p>\n","protected":false},"author":93,"featured_media":0,"comment_status":"open","ping_status":"open","sticky":false,"template":"","format":"standard","meta":{"footnotes":""},"categories":[41],"tags":[],"class_list":["post-96657","post","type-post","status-publish","format-standard","hentry","category-arteria-cultural"],"_links":{"self":[{"href":"https:\/\/plazajuarez.mx\/historico\/wp-json\/wp\/v2\/posts\/96657","targetHints":{"allow":["GET"]}}],"collection":[{"href":"https:\/\/plazajuarez.mx\/historico\/wp-json\/wp\/v2\/posts"}],"about":[{"href":"https:\/\/plazajuarez.mx\/historico\/wp-json\/wp\/v2\/types\/post"}],"author":[{"embeddable":true,"href":"https:\/\/plazajuarez.mx\/historico\/wp-json\/wp\/v2\/users\/93"}],"replies":[{"embeddable":true,"href":"https:\/\/plazajuarez.mx\/historico\/wp-json\/wp\/v2\/comments?post=96657"}],"version-history":[{"count":0,"href":"https:\/\/plazajuarez.mx\/historico\/wp-json\/wp\/v2\/posts\/96657\/revisions"}],"wp:attachment":[{"href":"https:\/\/plazajuarez.mx\/historico\/wp-json\/wp\/v2\/media?parent=96657"}],"wp:term":[{"taxonomy":"category","embeddable":true,"href":"https:\/\/plazajuarez.mx\/historico\/wp-json\/wp\/v2\/categories?post=96657"},{"taxonomy":"post_tag","embeddable":true,"href":"https:\/\/plazajuarez.mx\/historico\/wp-json\/wp\/v2\/tags?post=96657"}],"curies":[{"name":"wp","href":"https:\/\/api.w.org\/{rel}","templated":true}]}}