{"id":96656,"date":"2019-12-27T14:55:17","date_gmt":"2019-12-27T14:55:17","guid":{"rendered":"http:\/\/plazajuarez.mx\/index\/index.php\/2019\/12\/27\/se-suicida-ari-behn-se-reaviva-acusacion-contra-kevin-spacey\/"},"modified":"2019-12-27T14:55:17","modified_gmt":"2019-12-27T14:55:17","slug":"se-suicida-ari-behn-se-reaviva-acusacion-contra-kevin-spacey","status":"publish","type":"post","link":"https:\/\/plazajuarez.mx\/historico\/se-suicida-ari-behn-se-reaviva-acusacion-contra-kevin-spacey\/","title":{"rendered":"Se suicida Ari Behn; se reaviva acusaci\u00f3n contra Kevin Spacey"},"content":{"rendered":"<p>\u00a1Que en paz descanse! <br \/>\u00a0\u00a0 \u00a0\u2022\u00a0\u00a0 \u00a0El momento inc\u00f3modo que vivi\u00f3 el escritor con Kevin Spacey fue durante una cena por el Premio Nobel de la Paz en 2007, pues aseguraba el escritor que Spacey le toc\u00f3 la entrepierna\u00a0\u2028<\/p>\n<p>  <!--more-->  <\/p>\n<p>El escritor Ari Behn, ex marido de la princesa Marta Luisa de Noruega, se ha suicidado a los 47 a\u00f1os, seg\u00fan ha informado la familia. Noruega est\u00e1 conmocionada con el fallecimiento. &#8220;Con gran dolor en el coraz\u00f3n, los familiares m\u00e1s cercanos de Ari Behn informamos hoy de que se ha quitado la vida. Pedimos respeto a nuestra vida privada de ahora en adelante&#8221;, reza el comunicado.<br \/>La obra de Ari Behn<br \/>Ari Behn se licenci\u00f3 en historia y religi\u00f3n en la Universidad de Oslo. En 1999, public\u00f3 &#8220;Trist som faen&#8221; (Triste como el destino), una colecci\u00f3n de cuentos con la que alcanz\u00f3 reconocimiento en la literatura de su pa\u00eds. Despu\u00e9s public\u00f3 las novelas &#8220;Bakg\u00e5rd&#8221; (Patio trasero) en 2003, &#8220;Entusiasme og raseri&#8221; (Entusiasmo y rabia) en 2006 y &#8220;Talent for lykke&#8221; (Talento para la fortuna) en 2011. Su matrimonio con Marta Luisa Noruega fue algo escandaloso para la Casa Real. En su libro &#8220;Inferno&#8221; (Infierno), de 2018 abord\u00f3 su divorcio con Marta Luisa, y en \u00e9l reconoc\u00eda que pas\u00f3 una importante depresi\u00f3n la cual incluso compar\u00f3 con un gran duelo: &#8220;Es un gran cambio en mi vida. Se puede comparar con una muerte&#8221;. <br \/>Ari Behn denunci\u00f3 tocamientos por Kevin Spacey <br \/>Ari Behn, reconocido por su sentido del humor y su cultura, no ha pasado desapercibido durante todos estos a\u00f1os. La pol\u00e9mica siempre iba con \u00e9l. En 2017, con todo el esc\u00e1ndalo de Kevin Spacey de abusos, el escritor relat\u00f3 durante una entrevista con P4 Radio Channel que en 2007 vivi\u00f3 un momento inc\u00f3modo con Spacey. Todo sucedi\u00f3 durante una cena por el Premio Nobel de la Paz en 2007, y ambos se encontraban en el concierto en el Oslo Spektrum: &#8220;Tras el espect\u00e1culo est\u00e1bamos conversando. \u00c9l estaba sentado junto a m\u00ed. Despu\u00e9s de cinco minutos, me dijo: &#8216;Oye, salgamos a fumar un cigarrillo&#8217;, y mientras me lo dec\u00eda me toc\u00f3 la entrepierna por debajo de la mesa&#8221;, explicaba en la entrevista al periodista Michael Andreassen.<br \/>Tal y como relataba, sal\u00eda del paso tras aquella provocaci\u00f3n, dici\u00e9ndole divertido a Spacey: &#8220;Quiz\u00e1 m\u00e1s tarde&#8221;. El por aquel entonces marido de Marta Luisa confesaba que le parec\u00eda un tipo brillante y que fue una noche genial, qued\u00e1ndose todo aquello en una an\u00e9cdota.<\/p>\n","protected":false},"excerpt":{"rendered":"<p>\u00a1Que en paz descanse! \u00a0\u00a0 \u00a0\u2022\u00a0\u00a0 \u00a0El momento inc\u00f3modo que vivi\u00f3 el escritor con Kevin Spacey fue durante una cena por el Premio Nobel de la Paz en 2007, pues aseguraba el escritor que Spacey le toc\u00f3 la entrepierna\u00a0\u2028<\/p>\n","protected":false},"author":93,"featured_media":0,"comment_status":"open","ping_status":"open","sticky":false,"template":"","format":"standard","meta":{"footnotes":""},"categories":[41],"tags":[],"class_list":["post-96656","post","type-post","status-publish","format-standard","hentry","category-arteria-cultural"],"_links":{"self":[{"href":"https:\/\/plazajuarez.mx\/historico\/wp-json\/wp\/v2\/posts\/96656","targetHints":{"allow":["GET"]}}],"collection":[{"href":"https:\/\/plazajuarez.mx\/historico\/wp-json\/wp\/v2\/posts"}],"about":[{"href":"https:\/\/plazajuarez.mx\/historico\/wp-json\/wp\/v2\/types\/post"}],"author":[{"embeddable":true,"href":"https:\/\/plazajuarez.mx\/historico\/wp-json\/wp\/v2\/users\/93"}],"replies":[{"embeddable":true,"href":"https:\/\/plazajuarez.mx\/historico\/wp-json\/wp\/v2\/comments?post=96656"}],"version-history":[{"count":0,"href":"https:\/\/plazajuarez.mx\/historico\/wp-json\/wp\/v2\/posts\/96656\/revisions"}],"wp:attachment":[{"href":"https:\/\/plazajuarez.mx\/historico\/wp-json\/wp\/v2\/media?parent=96656"}],"wp:term":[{"taxonomy":"category","embeddable":true,"href":"https:\/\/plazajuarez.mx\/historico\/wp-json\/wp\/v2\/categories?post=96656"},{"taxonomy":"post_tag","embeddable":true,"href":"https:\/\/plazajuarez.mx\/historico\/wp-json\/wp\/v2\/tags?post=96656"}],"curies":[{"name":"wp","href":"https:\/\/api.w.org\/{rel}","templated":true}]}}