{"id":96654,"date":"2019-12-27T14:55:15","date_gmt":"2019-12-27T14:55:15","guid":{"rendered":"http:\/\/plazajuarez.mx\/index\/index.php\/2019\/12\/27\/gaytan-y-capetillo-presumen-su-amor\/"},"modified":"2019-12-27T14:55:15","modified_gmt":"2019-12-27T14:55:15","slug":"gaytan-y-capetillo-presumen-su-amor","status":"publish","type":"post","link":"https:\/\/plazajuarez.mx\/historico\/gaytan-y-capetillo-presumen-su-amor\/","title":{"rendered":"Gayt\u00e1n y Capetillo presumen su amor"},"content":{"rendered":"<p>\u00a0\u00a0\u00a0 \u2022\u00a0\u00a0 \u00a0Tras el regreso de la actriz a los escenarios, la pareja decidi\u00f3 compartir con sus seguidores un poco de la intimidad familiar\u2028<\/p>\n<p>  <!--more-->  <\/p>\n<p>Biby Gayt\u00e1n y Eduardo Capetillo compartieron en redes sociales unas fotograf\u00edas familiares que encantaron a sus seguidores.<br \/>La pareja, sorprendi\u00f3 con una serie de instant\u00e1neas en las que posan solos y con sus cinco hijos: Alejandra, Ana Paula, Eduardo, Manuel y Daniel.<br \/>Biby y Eduardo no suelen postear con frecuencia este tipo de im\u00e1genes, sin embargo, tras el regreso de la actriz a los escenarios con &#8220;Chicago&#8221;, al parecer decidieron compartir con sus seguidores un poco de la intimidad familiar.<br \/>En una de las instant\u00e1neas en la que aparece con Eduardo, Gayt\u00e1n escribi\u00f3:<br \/>&#8220;Un a\u00f1o m\u00e1s lleno de amor y felicidad!!! Muchas felicidadeeeeees!!!!&#8221;.<br \/>&#8220;Mi tesoro, gracias Dios m\u00edo!!!!\u00a0 Felices fiestas!!!!!&#8221;.<br \/>En otra imagen, en la que aparece Biby con sus dos hijas Alejandra y Ana Paula, Capetillo expres\u00f3:<br \/>&#8220;Se le cayeron al cielo tres \u00e1ngeles en mi jard\u00edn&#8221;.<br \/>La pareja, que recientemente cumpli\u00f3 25 a\u00f1os de casados, pos\u00f3 abrazada y muy rom\u00e1ntica en un video que colg\u00f3 Capetillo a su cuenta.<br \/>&#8220;Despu\u00e9s de 27 a\u00f1os se sigue poniendo nerviosa \u00bfqu\u00e9 le habr\u00e9 dicho?&#8221;, escribi\u00f3 Eduardo Capetillo para acompa\u00f1ar una foto en la que aparecen en el jard\u00edn.<br \/>La historia de Eduardo Capetillo y Biby Gayt\u00e1n ha sido seguida por los mexicanos desde hace m\u00e1s de dos d\u00e9cadas, cuando ambos eran las estrellas juveniles del momento. Por eso, cuando anunciaron su compromiso e inminente boda los reflectores estuvieron sobre ellos. De eso han pasado 25 a\u00f1os y cinco hijos que, aseguran, los han hecho felices. <\/p>\n","protected":false},"excerpt":{"rendered":"<p>\u00a0\u00a0\u00a0 \u2022\u00a0\u00a0 \u00a0Tras el regreso de la actriz a los escenarios, la pareja decidi\u00f3 compartir con sus seguidores un poco de la intimidad familiar\u2028<\/p>\n","protected":false},"author":93,"featured_media":0,"comment_status":"open","ping_status":"open","sticky":false,"template":"","format":"standard","meta":{"footnotes":""},"categories":[38],"tags":[],"class_list":["post-96654","post","type-post","status-publish","format-standard","hentry","category-show"],"_links":{"self":[{"href":"https:\/\/plazajuarez.mx\/historico\/wp-json\/wp\/v2\/posts\/96654","targetHints":{"allow":["GET"]}}],"collection":[{"href":"https:\/\/plazajuarez.mx\/historico\/wp-json\/wp\/v2\/posts"}],"about":[{"href":"https:\/\/plazajuarez.mx\/historico\/wp-json\/wp\/v2\/types\/post"}],"author":[{"embeddable":true,"href":"https:\/\/plazajuarez.mx\/historico\/wp-json\/wp\/v2\/users\/93"}],"replies":[{"embeddable":true,"href":"https:\/\/plazajuarez.mx\/historico\/wp-json\/wp\/v2\/comments?post=96654"}],"version-history":[{"count":0,"href":"https:\/\/plazajuarez.mx\/historico\/wp-json\/wp\/v2\/posts\/96654\/revisions"}],"wp:attachment":[{"href":"https:\/\/plazajuarez.mx\/historico\/wp-json\/wp\/v2\/media?parent=96654"}],"wp:term":[{"taxonomy":"category","embeddable":true,"href":"https:\/\/plazajuarez.mx\/historico\/wp-json\/wp\/v2\/categories?post=96654"},{"taxonomy":"post_tag","embeddable":true,"href":"https:\/\/plazajuarez.mx\/historico\/wp-json\/wp\/v2\/tags?post=96654"}],"curies":[{"name":"wp","href":"https:\/\/api.w.org\/{rel}","templated":true}]}}