{"id":96652,"date":"2019-12-27T14:55:14","date_gmt":"2019-12-27T14:55:14","guid":{"rendered":"http:\/\/plazajuarez.mx\/index\/index.php\/2019\/12\/27\/sherlyn-muestra-su-pancita\/"},"modified":"2019-12-27T14:55:14","modified_gmt":"2019-12-27T14:55:14","slug":"sherlyn-muestra-su-pancita","status":"publish","type":"post","link":"https:\/\/plazajuarez.mx\/historico\/sherlyn-muestra-su-pancita\/","title":{"rendered":"Sherlyn muestra su pancita"},"content":{"rendered":"<p>EN INSTAGRAM <br \/>\u00a0\u00a0 \u00a0\u2022\u00a0\u00a0 \u00a0La int\u00e9rprete de telenovelas como &#8220;Clase 406&#8221; asegur\u00f3 que en esta fiesta cat\u00f3lica su vida cambi\u00f3\u2028<\/p>\n<p>  <!--more-->  <\/p>\n<p>La actriz Sherlyn est\u00e1 disfrutando su embarazo y m\u00e1s en esta \u00e9poca de amor y paz que caracterizan la Navidad. Por ello decidi\u00f3 mostrar a sus 2.6 millones de seguidores de Instagram su pancita que adorn\u00f3 con un coraz\u00f3n formado por nueve peque\u00f1os gorros de Santa Claus.<br \/>La int\u00e9rprete de telenovelas como &#8220;Clase 406&#8221; y &#8220;Amores Verdaderos&#8221; asegur\u00f3 que en esta fiesta cat\u00f3lica su vida cambi\u00f3 y se sent\u00eda agradecida con Dios, con la vida y con todas las personas que le demuestran su cari\u00f1o y apoyo que le han brindado tanto a ella como a su beb\u00e9.<br \/>&#8220;Les deseo puras cosas bonitas para estas fechas abrazados de la gente que aman, los quiero con todo mi amor que ahora cuenta por dos&#8221;, asegur\u00f3 la estrella televisiva que tambi\u00e9n us\u00f3 un gorro de duende mientras con su brazo derecho cargaba a su perrita, quien le daba un leng\u00fcetazo en su mejilla.<br \/>Celebridades como Yolanda Andrade, Clarissa Molina y Mar\u00eda Aura fueron algunas de las figuras que le desearon lo mejor a la vez que dec\u00edan que se ve\u00eda muy bonita.<br \/>La fotograf\u00eda cuenta con 107 mil &#8220;Me Gusta&#8221; y m\u00e1s de 600 comentarios, muchos de ellos fans que le desean lo mejor en estas temporada de fiestas tanto a ella como a su beb\u00e9.<br \/>A inicios de este mes Sherlyn public\u00f3 un video de su ultrasonido musicalizado con el tema &#8220;Te Esperaba&#8221; de Carlos Rivera.<\/p>\n","protected":false},"excerpt":{"rendered":"<p>EN INSTAGRAM \u00a0\u00a0 \u00a0\u2022\u00a0\u00a0 \u00a0La int\u00e9rprete de telenovelas como &#8220;Clase 406&#8221; asegur\u00f3 que en esta fiesta cat\u00f3lica su vida cambi\u00f3\u2028<\/p>\n","protected":false},"author":93,"featured_media":0,"comment_status":"open","ping_status":"open","sticky":false,"template":"","format":"standard","meta":{"footnotes":""},"categories":[38],"tags":[],"class_list":["post-96652","post","type-post","status-publish","format-standard","hentry","category-show"],"_links":{"self":[{"href":"https:\/\/plazajuarez.mx\/historico\/wp-json\/wp\/v2\/posts\/96652","targetHints":{"allow":["GET"]}}],"collection":[{"href":"https:\/\/plazajuarez.mx\/historico\/wp-json\/wp\/v2\/posts"}],"about":[{"href":"https:\/\/plazajuarez.mx\/historico\/wp-json\/wp\/v2\/types\/post"}],"author":[{"embeddable":true,"href":"https:\/\/plazajuarez.mx\/historico\/wp-json\/wp\/v2\/users\/93"}],"replies":[{"embeddable":true,"href":"https:\/\/plazajuarez.mx\/historico\/wp-json\/wp\/v2\/comments?post=96652"}],"version-history":[{"count":0,"href":"https:\/\/plazajuarez.mx\/historico\/wp-json\/wp\/v2\/posts\/96652\/revisions"}],"wp:attachment":[{"href":"https:\/\/plazajuarez.mx\/historico\/wp-json\/wp\/v2\/media?parent=96652"}],"wp:term":[{"taxonomy":"category","embeddable":true,"href":"https:\/\/plazajuarez.mx\/historico\/wp-json\/wp\/v2\/categories?post=96652"},{"taxonomy":"post_tag","embeddable":true,"href":"https:\/\/plazajuarez.mx\/historico\/wp-json\/wp\/v2\/tags?post=96652"}],"curies":[{"name":"wp","href":"https:\/\/api.w.org\/{rel}","templated":true}]}}