{"id":95823,"date":"2019-12-12T01:35:40","date_gmt":"2019-12-12T01:35:40","guid":{"rendered":"http:\/\/plazajuarez.mx\/index\/index.php\/2019\/12\/12\/cristiano-ronaldo-intento-agredir-a-un-aficionado\/"},"modified":"2019-12-12T01:35:40","modified_gmt":"2019-12-12T01:35:40","slug":"cristiano-ronaldo-intento-agredir-a-un-aficionado","status":"publish","type":"post","link":"https:\/\/plazajuarez.mx\/historico\/cristiano-ronaldo-intento-agredir-a-un-aficionado\/","title":{"rendered":"Cristiano Ronaldo intent\u00f3 agredir a un aficionado"},"content":{"rendered":"<p style=\"text-align: justify;\"><span style=\"font-weight: 400;\">Cristiano a la distancia le dec\u00eda &#8220;piensa&#8221; al fan\u00e1tico mientras se tocaba la cabeza.<\/span><\/p>\n<p>  <!--more-->  <\/p>\n<p style=\"text-align: justify;\"><span style=\"font-weight: 400;\">Cristiano Ronaldo intent\u00f3 agredir a un aficionado cuando este quiso tomarse una fotograf\u00eda con \u00e9l. Al t\u00e9rmino del juego en donde el Juventus derrot\u00f3 0-2 al Bayer Leverkusen, un seguidor del portugu\u00e9s entr\u00f3 al campo y al querer tomarse una fotograf\u00eda con \u00e9l fue rechazado por el astro lusitano.<\/span><\/p>\n<p style=\"text-align: justify;\"><span style=\"font-weight: 400;\">El personal de seguridad quiso impedirlo por lo que lo tom\u00f3 del cuello y lo jal\u00f3, a lo que el delantero reaccion\u00f3 de forma violenta al intentar golpearlo con una patada, quej\u00e1ndose por la acci\u00f3n. Cristiano a la distancia le dec\u00eda &#8220;piensa&#8221; al fan\u00e1tico mientras se tocaba la cabeza y a\u00fan molesto, tuvo que venir Gianluigi Buffon, el veterano portero de la Juventus, a calmarlo y bromear con \u00e9l.<\/span><\/p>\n","protected":false},"excerpt":{"rendered":"<p>Cristiano a la distancia le dec\u00eda &#8220;piensa&#8221; al fan\u00e1tico mientras se tocaba la cabeza.<\/p>\n","protected":false},"author":1,"featured_media":0,"comment_status":"open","ping_status":"open","sticky":false,"template":"","format":"standard","meta":{"footnotes":""},"categories":[39],"tags":[],"class_list":["post-95823","post","type-post","status-publish","format-standard","hentry","category-deportiva"],"_links":{"self":[{"href":"https:\/\/plazajuarez.mx\/historico\/wp-json\/wp\/v2\/posts\/95823","targetHints":{"allow":["GET"]}}],"collection":[{"href":"https:\/\/plazajuarez.mx\/historico\/wp-json\/wp\/v2\/posts"}],"about":[{"href":"https:\/\/plazajuarez.mx\/historico\/wp-json\/wp\/v2\/types\/post"}],"author":[{"embeddable":true,"href":"https:\/\/plazajuarez.mx\/historico\/wp-json\/wp\/v2\/users\/1"}],"replies":[{"embeddable":true,"href":"https:\/\/plazajuarez.mx\/historico\/wp-json\/wp\/v2\/comments?post=95823"}],"version-history":[{"count":0,"href":"https:\/\/plazajuarez.mx\/historico\/wp-json\/wp\/v2\/posts\/95823\/revisions"}],"wp:attachment":[{"href":"https:\/\/plazajuarez.mx\/historico\/wp-json\/wp\/v2\/media?parent=95823"}],"wp:term":[{"taxonomy":"category","embeddable":true,"href":"https:\/\/plazajuarez.mx\/historico\/wp-json\/wp\/v2\/categories?post=95823"},{"taxonomy":"post_tag","embeddable":true,"href":"https:\/\/plazajuarez.mx\/historico\/wp-json\/wp\/v2\/tags?post=95823"}],"curies":[{"name":"wp","href":"https:\/\/api.w.org\/{rel}","templated":true}]}}