{"id":95816,"date":"2019-12-11T20:42:51","date_gmt":"2019-12-11T20:42:51","guid":{"rendered":"http:\/\/plazajuarez.mx\/index\/index.php\/2019\/12\/11\/congelan-11-cuentas-ligadas-a-garcia-luna-confirma-santiago-nieto\/"},"modified":"2019-12-11T20:42:51","modified_gmt":"2019-12-11T20:42:51","slug":"congelan-11-cuentas-ligadas-a-garcia-luna-confirma-santiago-nieto","status":"publish","type":"post","link":"https:\/\/plazajuarez.mx\/historico\/congelan-11-cuentas-ligadas-a-garcia-luna-confirma-santiago-nieto\/","title":{"rendered":"Congelan 11 cuentas ligadas a Garc\u00eda Luna, confirma Santiago Nieto"},"content":{"rendered":"<p>Fueron congeladas 11 cuentas bancarias relacionadas con el exsecretario de Seguridad del expresidente Felipe Calder\u00f3n. <!--more--> <\/p>\n<p>  El titular de la Unidad de Inteligencia Financiera de Hacienda, Santiago Nieto confirm\u00f3 que ya fueron congeladas 11 cuentas bancarias relacionadas con el exsecretario de Seguridad del expresidente Felipe Calder\u00f3n, Genaro Garc\u00eda Luna, detenido en Estados Unidos por delitos conspiraci\u00f3n para narcotr\u00e1fico.<\/p>\n<p>  Se trata de cinco cuentas de personas f\u00edsicas y seis de personas morales, que se conoci\u00f3 est\u00e1n relacionadas con familiares y personas cercanas al ex funcionario federal.<\/p>\n<p>  Hoy mi\u00e9rcoles a su llegada a Palacio Nacional, Nieto Castillo dijo que esta semana comenz\u00f3 el congelamiento de las cuentas bancarias.<\/p>\n<p>  La detenci\u00f3n de Garc\u00eda Luna se dio luego m\u00e1s de un a\u00f1o despu\u00e9s de que un testigo clave en el juicio de Joaqu\u00edn &#8220;El Chapo&#8221; Guzm\u00e1n Loera asegur\u00f3 haberle entregado sobornos millonarios del c\u00e1rtel de Sinaloa al ex funcionario.<\/p>\n<p>\n","protected":false},"excerpt":{"rendered":"<p>Fueron congeladas 11 cuentas bancarias relacionadas con el exsecretario de Seguridad del expresidente Felipe Calder\u00f3n.<\/p>\n","protected":false},"author":6,"featured_media":0,"comment_status":"open","ping_status":"open","sticky":false,"template":"","format":"standard","meta":{"footnotes":""},"categories":[36],"tags":[],"class_list":["post-95816","post","type-post","status-publish","format-standard","hentry","category-nacion"],"_links":{"self":[{"href":"https:\/\/plazajuarez.mx\/historico\/wp-json\/wp\/v2\/posts\/95816","targetHints":{"allow":["GET"]}}],"collection":[{"href":"https:\/\/plazajuarez.mx\/historico\/wp-json\/wp\/v2\/posts"}],"about":[{"href":"https:\/\/plazajuarez.mx\/historico\/wp-json\/wp\/v2\/types\/post"}],"author":[{"embeddable":true,"href":"https:\/\/plazajuarez.mx\/historico\/wp-json\/wp\/v2\/users\/6"}],"replies":[{"embeddable":true,"href":"https:\/\/plazajuarez.mx\/historico\/wp-json\/wp\/v2\/comments?post=95816"}],"version-history":[{"count":0,"href":"https:\/\/plazajuarez.mx\/historico\/wp-json\/wp\/v2\/posts\/95816\/revisions"}],"wp:attachment":[{"href":"https:\/\/plazajuarez.mx\/historico\/wp-json\/wp\/v2\/media?parent=95816"}],"wp:term":[{"taxonomy":"category","embeddable":true,"href":"https:\/\/plazajuarez.mx\/historico\/wp-json\/wp\/v2\/categories?post=95816"},{"taxonomy":"post_tag","embeddable":true,"href":"https:\/\/plazajuarez.mx\/historico\/wp-json\/wp\/v2\/tags?post=95816"}],"curies":[{"name":"wp","href":"https:\/\/api.w.org\/{rel}","templated":true}]}}