{"id":95792,"date":"2019-12-11T14:46:58","date_gmt":"2019-12-11T14:46:58","guid":{"rendered":"http:\/\/plazajuarez.mx\/index\/index.php\/2019\/12\/11\/de-haber-tenido-pistas-no-las-hubiera-ocultado-osorio-chong\/"},"modified":"2019-12-11T14:46:58","modified_gmt":"2019-12-11T14:46:58","slug":"de-haber-tenido-pistas-no-las-hubiera-ocultado-osorio-chong","status":"publish","type":"post","link":"https:\/\/plazajuarez.mx\/historico\/de-haber-tenido-pistas-no-las-hubiera-ocultado-osorio-chong\/","title":{"rendered":"De haber tenido pistas no las hubiera ocultado: Osorio Chong"},"content":{"rendered":"<p>\u201cEstar\u00e9 en favor de la justicia y la ley\u201d: Calder\u00f3n <br \/>\u00a0\u00a0 \u00a0\u2022\u00a0\u00a0 \u00a0El ex presidente dijo que se enter\u00f3 por redes sociales del arresto de Garc\u00eda Luna\u2028<\/p>\n<p>  <!--more-->  <\/p>\n<p>Agencia El Universal.- El ex presidente Felipe Calder\u00f3n, dijo que su postura sobre el presunto arresto y los presuntos delitos por los que se detuvo a su ex secretario de Seguridad P\u00fablica, Genaro Garc\u00eda Luna, ser\u00e1 siempre en favor de la justicia y la ley. <br \/>MONREAL LAMENTA QUE INDAGACI\u00d3N NO HAYA SIDO EN M\u00c9XICO <br \/>El coordinador de la fracci\u00f3n de Morena en el Senado, Ricardo Monreal, lament\u00f3 que la investigaci\u00f3n sobre los presuntos actos de corrupci\u00f3n y narcotr\u00e1fico que se le imputan al exsecretario de Seguridad, Genaro Garc\u00eda Luna, no haya iniciado en M\u00e9xico, que fue donde se desempe\u00f1\u00f3 como encargado de la seguridad del pa\u00eds.<br \/>&#8220;Nos da tristeza porque deber\u00eda ser M\u00e9xico el que actuara en todos esos casos, que se mantuvieron muchos de ellos en la impunidad y en la complicidad&#8221;, dijo en entrevista.<br \/>DE HABER TENIDO PISTAS NO LAS HUBIERA OCULTADO: OSORIO <br \/>El coordinador del PRI y exsecretario de Gobernaci\u00f3n de Enrique Pe\u00f1a Nieto, dijo que no tiene comentarios respecto a la detenci\u00f3n de quien fuera el encargado de la seguridad en el gobierno panista. <br \/>Miguel \u00c1ngel Osorio neg\u00f3 que cuando lleg\u00f3 a la Secretar\u00eda de Gobernaci\u00f3n haya tenido una pista o un indicio de que el exsecretario de Seguridad, Genaro Garc\u00eda Luna, haya sido observado por actos de corrupci\u00f3n o narcotr\u00e1fico.<\/p>\n","protected":false},"excerpt":{"rendered":"<p>\u201cEstar\u00e9 en favor de la justicia y la ley\u201d: Calder\u00f3n \u00a0\u00a0 \u00a0\u2022\u00a0\u00a0 \u00a0El ex presidente dijo que se enter\u00f3 por redes sociales del arresto de Garc\u00eda Luna\u2028<\/p>\n","protected":false},"author":93,"featured_media":0,"comment_status":"open","ping_status":"open","sticky":false,"template":"","format":"standard","meta":{"footnotes":""},"categories":[36],"tags":[],"class_list":["post-95792","post","type-post","status-publish","format-standard","hentry","category-nacion"],"_links":{"self":[{"href":"https:\/\/plazajuarez.mx\/historico\/wp-json\/wp\/v2\/posts\/95792","targetHints":{"allow":["GET"]}}],"collection":[{"href":"https:\/\/plazajuarez.mx\/historico\/wp-json\/wp\/v2\/posts"}],"about":[{"href":"https:\/\/plazajuarez.mx\/historico\/wp-json\/wp\/v2\/types\/post"}],"author":[{"embeddable":true,"href":"https:\/\/plazajuarez.mx\/historico\/wp-json\/wp\/v2\/users\/93"}],"replies":[{"embeddable":true,"href":"https:\/\/plazajuarez.mx\/historico\/wp-json\/wp\/v2\/comments?post=95792"}],"version-history":[{"count":0,"href":"https:\/\/plazajuarez.mx\/historico\/wp-json\/wp\/v2\/posts\/95792\/revisions"}],"wp:attachment":[{"href":"https:\/\/plazajuarez.mx\/historico\/wp-json\/wp\/v2\/media?parent=95792"}],"wp:term":[{"taxonomy":"category","embeddable":true,"href":"https:\/\/plazajuarez.mx\/historico\/wp-json\/wp\/v2\/categories?post=95792"},{"taxonomy":"post_tag","embeddable":true,"href":"https:\/\/plazajuarez.mx\/historico\/wp-json\/wp\/v2\/tags?post=95792"}],"curies":[{"name":"wp","href":"https:\/\/api.w.org\/{rel}","templated":true}]}}