{"id":95677,"date":"2019-12-09T14:48:20","date_gmt":"2019-12-09T14:48:20","guid":{"rendered":"http:\/\/plazajuarez.mx\/index\/index.php\/2019\/12\/09\/sader-replicara-proyectos-agricolas\/"},"modified":"2019-12-09T14:48:20","modified_gmt":"2019-12-09T14:48:20","slug":"sader-replicara-proyectos-agricolas","status":"publish","type":"post","link":"https:\/\/plazajuarez.mx\/historico\/sader-replicara-proyectos-agricolas\/","title":{"rendered":"Sader replicar\u00e1 proyectos agr\u00edcolas"},"content":{"rendered":"<p>\u00a0\u00a0\u00a0 \u2022\u00a0\u00a0 \u00a0Se planea incentivar a peque\u00f1os y medianos empresarios\u00a0\u2028<\/p>\n<p>  <!--more-->  <\/p>\n<p>El titular de la Secretar\u00eda de Agricultura y Desarrollo Rural (Sader), V\u00edctor Villalobos, realiz\u00f3 visitas a la parte sureste del pa\u00eds, principalmente en el estado de Oaxaca, para constatar proyectos agr\u00edcolas que han sido replicados y exitosos, a nivel nacional e internacional, en generar empleos y valor agregado a ese sector.<br \/>Explic\u00f3 que, de lograr imitar los sistemas de cultivo y su producci\u00f3n con innovaciones tecnol\u00f3gicas, se podr\u00eda frenar la migraci\u00f3n de personas en la parte sur; ya que, de acuerdo con el titular de la dependencia, \u00e9stos tendr\u00edan oportunidades de desarrollo en sus lugares de origen y en mejores condiciones laborales.<br \/>Adelant\u00f3 que se planea incentivar, no solamente la producci\u00f3n de productos agr\u00edcolas, sino que peque\u00f1os y medianos empresarios del sector se conviertan en exportadores que compitan con los mercados internacionales.<br \/>Entre los proyectos visitados en Oaxaca se encuentra un \u00e1rea de macro-t\u00faneles de frambuesa y zarzamora de peque\u00f1os productores, quienes cultivan con sistemas de producci\u00f3n en maceta y riego por goteo, lo que duplica su rentabilidad al registrar 25 toneladas por hect\u00e1rea.<\/p>\n","protected":false},"excerpt":{"rendered":"<p>\u00a0\u00a0\u00a0 \u2022\u00a0\u00a0 \u00a0Se planea incentivar a peque\u00f1os y medianos empresarios\u00a0\u2028<\/p>\n","protected":false},"author":93,"featured_media":0,"comment_status":"open","ping_status":"open","sticky":false,"template":"","format":"standard","meta":{"footnotes":""},"categories":[36],"tags":[],"class_list":["post-95677","post","type-post","status-publish","format-standard","hentry","category-nacion"],"_links":{"self":[{"href":"https:\/\/plazajuarez.mx\/historico\/wp-json\/wp\/v2\/posts\/95677","targetHints":{"allow":["GET"]}}],"collection":[{"href":"https:\/\/plazajuarez.mx\/historico\/wp-json\/wp\/v2\/posts"}],"about":[{"href":"https:\/\/plazajuarez.mx\/historico\/wp-json\/wp\/v2\/types\/post"}],"author":[{"embeddable":true,"href":"https:\/\/plazajuarez.mx\/historico\/wp-json\/wp\/v2\/users\/93"}],"replies":[{"embeddable":true,"href":"https:\/\/plazajuarez.mx\/historico\/wp-json\/wp\/v2\/comments?post=95677"}],"version-history":[{"count":0,"href":"https:\/\/plazajuarez.mx\/historico\/wp-json\/wp\/v2\/posts\/95677\/revisions"}],"wp:attachment":[{"href":"https:\/\/plazajuarez.mx\/historico\/wp-json\/wp\/v2\/media?parent=95677"}],"wp:term":[{"taxonomy":"category","embeddable":true,"href":"https:\/\/plazajuarez.mx\/historico\/wp-json\/wp\/v2\/categories?post=95677"},{"taxonomy":"post_tag","embeddable":true,"href":"https:\/\/plazajuarez.mx\/historico\/wp-json\/wp\/v2\/tags?post=95677"}],"curies":[{"name":"wp","href":"https:\/\/api.w.org\/{rel}","templated":true}]}}