{"id":95675,"date":"2019-12-09T14:48:19","date_gmt":"2019-12-09T14:48:19","guid":{"rendered":"http:\/\/plazajuarez.mx\/index\/index.php\/2019\/12\/09\/localizan-sin-vida-en-canal-de-aguas-negras-a-un-joven-reportado-como-desaparecido\/"},"modified":"2019-12-09T14:48:19","modified_gmt":"2019-12-09T14:48:19","slug":"localizan-sin-vida-en-canal-de-aguas-negras-a-un-joven-reportado-como-desaparecido","status":"publish","type":"post","link":"https:\/\/plazajuarez.mx\/historico\/localizan-sin-vida-en-canal-de-aguas-negras-a-un-joven-reportado-como-desaparecido\/","title":{"rendered":"Localizan sin vida, en canal de aguas negras, a un joven reportado como desaparecido"},"content":{"rendered":"<p>EN TEZONTEPEC DE ALDAMA<\/p>\n<p>La familia de Orlando R\u00edos inici\u00f3 intensa b\u00fasqueda luego que el joven no regres\u00f3 de su trabajo<\/p>\n<p>  <!--more-->  <\/p>\n<p>Localizaron sin vida a joven reportado como desaparecido el viernes pasado. El cuerpo se encontr\u00f3 al interior de un canal de aguas negras en Tezontepec de Aldama.<br \/>La familia de Orlando R\u00edos inici\u00f3 intensa b\u00fasqueda luego que el joven de 28 a\u00f1os de edad no regres\u00f3 a su domicilio tras haber salido de su trabajo en la refiner\u00eda Miguel Hidalgo.<br \/>La ficha de b\u00fasqueda emitida por la Fundaci\u00f3n Sonrisas Perdidas se\u00f1ala que Orlando R\u00edos desapareci\u00f3 alrededor de las siete de la noche en que perdieron contacto a trav\u00e9s de su celular.<br \/>Ayer s\u00e1bado, su veh\u00edculo fue localizado abandonado a la orilla de un canal de aguas negras en la comunidad de Presas.<br \/>Tras el hallazgo se solicit\u00f3 el corte del suministro de agua para poder iniciar una b\u00fasqueda, elementos de Protecci\u00f3n Civil de Tezontepec y de Mixquiahuala iniciaron la b\u00fasqueda que concluy\u00f3 con el hallazgo del cuerpo.<\/p>\n","protected":false},"excerpt":{"rendered":"<p>EN TEZONTEPEC DE ALDAMA La familia de Orlando R\u00edos inici\u00f3 intensa b\u00fasqueda luego que el joven no regres\u00f3 de su trabajo<\/p>\n","protected":false},"author":93,"featured_media":0,"comment_status":"open","ping_status":"open","sticky":false,"template":"","format":"standard","meta":{"footnotes":""},"categories":[37],"tags":[],"class_list":["post-95675","post","type-post","status-publish","format-standard","hentry","category-barandilla"],"_links":{"self":[{"href":"https:\/\/plazajuarez.mx\/historico\/wp-json\/wp\/v2\/posts\/95675","targetHints":{"allow":["GET"]}}],"collection":[{"href":"https:\/\/plazajuarez.mx\/historico\/wp-json\/wp\/v2\/posts"}],"about":[{"href":"https:\/\/plazajuarez.mx\/historico\/wp-json\/wp\/v2\/types\/post"}],"author":[{"embeddable":true,"href":"https:\/\/plazajuarez.mx\/historico\/wp-json\/wp\/v2\/users\/93"}],"replies":[{"embeddable":true,"href":"https:\/\/plazajuarez.mx\/historico\/wp-json\/wp\/v2\/comments?post=95675"}],"version-history":[{"count":0,"href":"https:\/\/plazajuarez.mx\/historico\/wp-json\/wp\/v2\/posts\/95675\/revisions"}],"wp:attachment":[{"href":"https:\/\/plazajuarez.mx\/historico\/wp-json\/wp\/v2\/media?parent=95675"}],"wp:term":[{"taxonomy":"category","embeddable":true,"href":"https:\/\/plazajuarez.mx\/historico\/wp-json\/wp\/v2\/categories?post=95675"},{"taxonomy":"post_tag","embeddable":true,"href":"https:\/\/plazajuarez.mx\/historico\/wp-json\/wp\/v2\/tags?post=95675"}],"curies":[{"name":"wp","href":"https:\/\/api.w.org\/{rel}","templated":true}]}}