{"id":95674,"date":"2019-12-09T14:48:19","date_gmt":"2019-12-09T14:48:19","guid":{"rendered":"http:\/\/plazajuarez.mx\/index\/index.php\/2019\/12\/09\/ya-encontraron-a-un-joven-desaparecido-en-la-cdmx\/"},"modified":"2019-12-09T14:48:19","modified_gmt":"2019-12-09T14:48:19","slug":"ya-encontraron-a-un-joven-desaparecido-en-la-cdmx","status":"publish","type":"post","link":"https:\/\/plazajuarez.mx\/historico\/ya-encontraron-a-un-joven-desaparecido-en-la-cdmx\/","title":{"rendered":"Ya encontraron a un joven desaparecido en la CDMX"},"content":{"rendered":"<p>A las 02:30 horas, una usuaria public\u00f3 que Ashmad hab\u00eda sido localizado con vida<\/p>\n<p>  <!--more-->  <\/p>\n<p>Luego que en las \u00faltimas horas en la Ciudad de M\u00e9xico se reportara en redes desaparici\u00f3n de Ashmad Gesem Alfredo Pineda Romero, amigos informaron de la localizaci\u00f3n del joven.<br \/>Cerca de las 02:30 horas, una usuaria public\u00f3 que Ashmad hab\u00eda sido localizado con vida, pero en condiciones delicadas de salud.<br \/>Fue &#8220;Gracias a viralizaci\u00f3n de la informaci\u00f3n, como se ha logrado localizar a Ashmad, quien se encuentra en condiciones delicadas de salud, pero a salvo con su familia&#8221;, se lee en la publicaci\u00f3n.<br \/>Reportan desaparici\u00f3n<br \/>Por medio de redes sociales una usuaria solicit\u00f3 ayuda a la sociedad para localizar a Ashmad Gesem Alfredo Pineda Romero, quien supuestamente desapareci\u00f3 la madrugada de este domingo, cerca de las 05:30 horas, tras abordar un veh\u00edculo y solicitar ayuda v\u00eda whatsapp.<br \/>&#8220;Ashmad Pineda pidi\u00f3 ayuda a las 5:20 de la ma\u00f1ana y es lo \u00faltimo que sabemos de \u00e9l. Iba a bordo de un veh\u00edculo camino a Lindavista, muy lejos de los lugares donde \u00e9l frecuenta. #TeBuscamosAshmad&#8221;, se lee en la publicaci\u00f3n de redes sociales.<\/p>\n","protected":false},"excerpt":{"rendered":"<p>A las 02:30 horas, una usuaria public\u00f3 que Ashmad hab\u00eda sido localizado con vida<\/p>\n","protected":false},"author":93,"featured_media":0,"comment_status":"open","ping_status":"open","sticky":false,"template":"","format":"standard","meta":{"footnotes":""},"categories":[37],"tags":[],"class_list":["post-95674","post","type-post","status-publish","format-standard","hentry","category-barandilla"],"_links":{"self":[{"href":"https:\/\/plazajuarez.mx\/historico\/wp-json\/wp\/v2\/posts\/95674","targetHints":{"allow":["GET"]}}],"collection":[{"href":"https:\/\/plazajuarez.mx\/historico\/wp-json\/wp\/v2\/posts"}],"about":[{"href":"https:\/\/plazajuarez.mx\/historico\/wp-json\/wp\/v2\/types\/post"}],"author":[{"embeddable":true,"href":"https:\/\/plazajuarez.mx\/historico\/wp-json\/wp\/v2\/users\/93"}],"replies":[{"embeddable":true,"href":"https:\/\/plazajuarez.mx\/historico\/wp-json\/wp\/v2\/comments?post=95674"}],"version-history":[{"count":0,"href":"https:\/\/plazajuarez.mx\/historico\/wp-json\/wp\/v2\/posts\/95674\/revisions"}],"wp:attachment":[{"href":"https:\/\/plazajuarez.mx\/historico\/wp-json\/wp\/v2\/media?parent=95674"}],"wp:term":[{"taxonomy":"category","embeddable":true,"href":"https:\/\/plazajuarez.mx\/historico\/wp-json\/wp\/v2\/categories?post=95674"},{"taxonomy":"post_tag","embeddable":true,"href":"https:\/\/plazajuarez.mx\/historico\/wp-json\/wp\/v2\/tags?post=95674"}],"curies":[{"name":"wp","href":"https:\/\/api.w.org\/{rel}","templated":true}]}}