{"id":95469,"date":"2019-12-05T20:35:15","date_gmt":"2019-12-05T20:35:15","guid":{"rendered":"http:\/\/plazajuarez.mx\/index\/index.php\/2019\/12\/05\/yon-de-luisa-confirma-la-desafiliacion-del-veracruz\/"},"modified":"2019-12-05T20:35:15","modified_gmt":"2019-12-05T20:35:15","slug":"yon-de-luisa-confirma-la-desafiliacion-del-veracruz","status":"publish","type":"post","link":"https:\/\/plazajuarez.mx\/historico\/yon-de-luisa-confirma-la-desafiliacion-del-veracruz\/","title":{"rendered":"Yon de Luisa confirma la desafiliaci\u00f3n del Veracruz"},"content":{"rendered":"<p>Yon de Luisa, presidente de la Federaci\u00f3n Mexicana de Futbol, dio como oficial la desafiliaci\u00f3n del club Veracruz. <!--more--> <\/p>\n<p>  En entrevista a TUDN, el directivo confirm\u00f3 el adi\u00f3s del equipo escualo.<\/p>\n<p>  &#8220;El martes se realiz\u00f3 la Asamblea General de la FMF y por unanimidad se resolvi\u00f3 la desafiliaci\u00f3n del Veracruz en sus diferentes divisiones&#8221;, dijo.<\/p>\n<p>  Explic\u00f3 que est\u00e9 d\u00eda &#8220;hicieron el intento de notificar, pero no se pudo. Ma\u00f1ana intentar\u00e1n, pero es un hecho la desafiliaci\u00f3n del Veracruz&#8221;.<\/p>\n<p>  Ahora los jugadores quedar\u00e1n libres de contratarse con qui\u00e9n deseen y quien les ofrezca trabajo. &#8220;Hay una revocaci\u00f3n de la franquicia. Los jugadores quedan en libertad y pueden ser contratados por el club que quieran&#8221;.<\/p>\n<p>  Enrique Bonilla, presidente de la Liga MX anunci\u00f3 que se endurecer\u00e1 los reglamentos en el sector econ\u00f3mico, para que casos como estos no vuelvan a ocurrir.<\/p>\n<p>  &#8220;Vamos a mejorar los procesos que est\u00e9n mal e incorporar otros como es la vigilancia econ\u00f3mica. En el Ascenso no hubo ning\u00fan atraso en los pagos y en la Liga MX, pues solo se present\u00f3 lo de Veracruz&#8221;.<\/p>\n<p>\n","protected":false},"excerpt":{"rendered":"<p>Yon de Luisa, presidente de la Federaci\u00f3n Mexicana de Futbol, dio como oficial la desafiliaci\u00f3n del club Veracruz.<\/p>\n","protected":false},"author":6,"featured_media":0,"comment_status":"open","ping_status":"open","sticky":false,"template":"","format":"standard","meta":{"footnotes":""},"categories":[39],"tags":[71],"class_list":["post-95469","post","type-post","status-publish","format-standard","hentry","category-deportiva","tag-viral"],"_links":{"self":[{"href":"https:\/\/plazajuarez.mx\/historico\/wp-json\/wp\/v2\/posts\/95469","targetHints":{"allow":["GET"]}}],"collection":[{"href":"https:\/\/plazajuarez.mx\/historico\/wp-json\/wp\/v2\/posts"}],"about":[{"href":"https:\/\/plazajuarez.mx\/historico\/wp-json\/wp\/v2\/types\/post"}],"author":[{"embeddable":true,"href":"https:\/\/plazajuarez.mx\/historico\/wp-json\/wp\/v2\/users\/6"}],"replies":[{"embeddable":true,"href":"https:\/\/plazajuarez.mx\/historico\/wp-json\/wp\/v2\/comments?post=95469"}],"version-history":[{"count":0,"href":"https:\/\/plazajuarez.mx\/historico\/wp-json\/wp\/v2\/posts\/95469\/revisions"}],"wp:attachment":[{"href":"https:\/\/plazajuarez.mx\/historico\/wp-json\/wp\/v2\/media?parent=95469"}],"wp:term":[{"taxonomy":"category","embeddable":true,"href":"https:\/\/plazajuarez.mx\/historico\/wp-json\/wp\/v2\/categories?post=95469"},{"taxonomy":"post_tag","embeddable":true,"href":"https:\/\/plazajuarez.mx\/historico\/wp-json\/wp\/v2\/tags?post=95469"}],"curies":[{"name":"wp","href":"https:\/\/api.w.org\/{rel}","templated":true}]}}