{"id":95468,"date":"2019-12-05T19:28:33","date_gmt":"2019-12-05T19:28:33","guid":{"rendered":"http:\/\/plazajuarez.mx\/index\/index.php\/2019\/12\/05\/pgj-pide-no-criminalizar-a-karen-espindola-tras-difusion-de-video\/"},"modified":"2019-12-05T19:28:33","modified_gmt":"2019-12-05T19:28:33","slug":"pgj-pide-no-criminalizar-a-karen-espindola-tras-difusion-de-video","status":"publish","type":"post","link":"https:\/\/plazajuarez.mx\/historico\/pgj-pide-no-criminalizar-a-karen-espindola-tras-difusion-de-video\/","title":{"rendered":"PGJ pide no criminalizar a Karen Esp\u00edndola tras difusi\u00f3n de video"},"content":{"rendered":"<p>La procuradora capitalina, Ernestina Godoy, hizo un llamado a la sociedad a no hacer una campa\u00f1a en contra de Laura Karen Esp\u00edndola, y refiri\u00f3 que la carpeta de investigaci\u00f3n que abrieron sus familiares ser\u00e1 cerrada, al no acreditarse ning\u00fan tipo de delito en contra de la mujer. <!--more--> <\/p>\n<p>  Explic\u00f3 que no habr\u00e1 alguna consecuencia en contra de la joven y que por parte de la Procuradur\u00eda el tema quedar\u00e1 cerrado y no se criminalizar\u00e1 a Laura Karen.<\/p>\n<p>  Godoy Ramos enfatiz\u00f3 que los videos no los filtr\u00f3 el Gobierno capitalino como dijeron organizaciones feministas y que la PGJ no litiga en medios.<\/p>\n<p>  Ayer mi\u00e9rcoles Laura Karen Esp\u00edndola fue buscada por el Gobierno capitalino hasta su aparici\u00f3n cerca de las 11:30 de la ma\u00f1ana.<\/p>\n<p>  El caso que conmocion\u00f3 e impact\u00f3 a muchos capitalinos dio un vuelco por la noche, luego de que se esperara la declaraci\u00f3n de la mujer.<\/p>\n<p>  Y es que a trav\u00e9s de videos de las c\u00e1maras de seguridad del bar Kali, se supo que Laura Karen no estuvo desaparecida, sino que estuvo 10 horas en dicho establecimiento.<\/p>\n<p>  <b>Estaba en un bar<\/b><\/p>\n<p>  Durante m\u00e1s de 14 horas, la supuesta desaparici\u00f3n de Laura Karen Esp\u00edndola gener\u00f3 una intensa movilizaci\u00f3n de los cuerpos de seguridad de la Ciudad de M\u00e9xico, incendi\u00f3 las redes sociales al impactar los mensajes en Twitter a m\u00e1s de 26 millones de cuentas y tuvo una gran difusi\u00f3n en los medios de comunicaci\u00f3n, cuando ella estuvo por espacio de 10 horas en un antro ubicado a 800 metros de su domicilio, en Coapa.<\/p>\n<p>  De acuerdo con un video captado en el bar &#8220;Kali&#8221;, en poder de las autoridades capitalinas, la joven ingres\u00f3 alrededor de las 16:30 horas del martes 3 de diciembre y estuvo ah\u00ed hasta las 02:30 horas de ayer, acompa\u00f1ada de un hombre, de quien se desconoce su identidad.<\/p>\n<p>  Estos videos forman parte de la investigaci\u00f3n que se inici\u00f3 luego de que Daniel Esp\u00edndola, hermano de la joven, pidiera ayuda a trav\u00e9s de redes sociales para localizarla.<\/p>\n<p>  En las im\u00e1genes del video se observa a Laura Karen de pie conversando con su compa\u00f1ero, un sujeto vestido con playera azul y pantal\u00f3n de mezclilla, quien en un par de ocasiones la abraza. De acuerdo con el reloj de la c\u00e1mara son las 22:05 horas del martes pasado.<\/p>\n<p>  Un par de horas antes, Daniel subi\u00f3 a su cuenta de Twitter un mensaje alertando de la desaparici\u00f3n de su hermana, incluso public\u00f3 una foto de ella y parte de la conversaci\u00f3n que tuvo Karen con su mam\u00e1 alrededor de las 21:00 horas, en la que le dec\u00eda que hab\u00eda tomado un taxi y que el chofer se hab\u00eda comportado de manera grosera.<\/p>\n<p>\n","protected":false},"excerpt":{"rendered":"<p>La procuradora capitalina, Ernestina Godoy, hizo un llamado a la sociedad a no hacer una campa\u00f1a en contra de Laura Karen Esp\u00edndola, y refiri\u00f3 que la carpeta de investigaci\u00f3n que abrieron sus familiares ser\u00e1 cerrada, al no acreditarse ning\u00fan tipo de delito en contra de la mujer.<\/p>\n","protected":false},"author":6,"featured_media":0,"comment_status":"open","ping_status":"open","sticky":false,"template":"","format":"standard","meta":{"footnotes":""},"categories":[36],"tags":[],"class_list":["post-95468","post","type-post","status-publish","format-standard","hentry","category-nacion"],"_links":{"self":[{"href":"https:\/\/plazajuarez.mx\/historico\/wp-json\/wp\/v2\/posts\/95468","targetHints":{"allow":["GET"]}}],"collection":[{"href":"https:\/\/plazajuarez.mx\/historico\/wp-json\/wp\/v2\/posts"}],"about":[{"href":"https:\/\/plazajuarez.mx\/historico\/wp-json\/wp\/v2\/types\/post"}],"author":[{"embeddable":true,"href":"https:\/\/plazajuarez.mx\/historico\/wp-json\/wp\/v2\/users\/6"}],"replies":[{"embeddable":true,"href":"https:\/\/plazajuarez.mx\/historico\/wp-json\/wp\/v2\/comments?post=95468"}],"version-history":[{"count":0,"href":"https:\/\/plazajuarez.mx\/historico\/wp-json\/wp\/v2\/posts\/95468\/revisions"}],"wp:attachment":[{"href":"https:\/\/plazajuarez.mx\/historico\/wp-json\/wp\/v2\/media?parent=95468"}],"wp:term":[{"taxonomy":"category","embeddable":true,"href":"https:\/\/plazajuarez.mx\/historico\/wp-json\/wp\/v2\/categories?post=95468"},{"taxonomy":"post_tag","embeddable":true,"href":"https:\/\/plazajuarez.mx\/historico\/wp-json\/wp\/v2\/tags?post=95468"}],"curies":[{"name":"wp","href":"https:\/\/api.w.org\/{rel}","templated":true}]}}