{"id":95467,"date":"2019-12-05T18:48:47","date_gmt":"2019-12-05T18:48:47","guid":{"rendered":"http:\/\/plazajuarez.mx\/index\/index.php\/2019\/12\/05\/mueren-13-personas-al-volcar-autobus-en-chihuahua\/"},"modified":"2019-12-05T18:48:47","modified_gmt":"2019-12-05T18:48:47","slug":"mueren-13-personas-al-volcar-autobus-en-chihuahua","status":"publish","type":"post","link":"https:\/\/plazajuarez.mx\/historico\/mueren-13-personas-al-volcar-autobus-en-chihuahua\/","title":{"rendered":"Mueren 13 personas al volcar autob\u00fas en Chihuahua"},"content":{"rendered":"<p>Hasta el momento, 13 personas fallecieron luego de que la madrugada de este jueves, un cami\u00f3n de pasajeros volc\u00f3 en la v\u00eda Saucillo-Delicias sin que hasta ahora se conozcan las causas del accidente. <!--more--> <\/p>\n<p> El accidente ocurri\u00f3 en el kil\u00f3metro 124 + 800 de la carretera que conduce de Saucillo a Delicias y, en primera instancia, se reportaban 10 personas muertas; no obstante, tres de los lesionados que fueron trasladados a hospitales de la ciudad de Delicias, fallecieron durante la ma\u00f1ana de hoy jueves.<\/p>\n<p> El cami\u00f3n de pasajeros pertenece a la empresa AMOTAC Transportistas y se desconoce si contaba con los permisos necesarios para el traslado de pasajeros.<\/p>\n<p> De manera oficial se desconoce el n\u00famero de personas lesionadas y el trabajo de rescate contin\u00faa en el lugar del accidente; sin embargo, la Secretar\u00eda de Salud estatal revel\u00f3 que hasta ahora se conoce del deceso de al menos 13 personas, de las cuales ocho est\u00e1n en calidad de desconocidos.<\/p>\n<p> Los fallecidos que ya fueron identificados son:<\/p>\n<p> Erika Leticia Wishar Amaro, de 59 a\u00f1os<\/p>\n<p> Emma Mart\u00ednez Rodr\u00edguez, de 66 a\u00f1os<\/p>\n<p> Francisco Torre, de 75 a\u00f1os<\/p>\n<p> Juan Manuel D\u00e1vila Mart\u00ednez, de 32 a\u00f1os<\/p>\n<p> V\u00edctor Manuel Carrillo, de 36 a\u00f1os.<\/p>\n<p>\n","protected":false},"excerpt":{"rendered":"<p>Hasta el momento, 13 personas fallecieron luego de que la madrugada de este jueves, un cami\u00f3n de pasajeros volc\u00f3 en la v\u00eda Saucillo-Delicias sin que hasta ahora se conozcan las causas del accidente.<\/p>\n","protected":false},"author":6,"featured_media":0,"comment_status":"open","ping_status":"open","sticky":false,"template":"","format":"standard","meta":{"footnotes":""},"categories":[37],"tags":[],"class_list":["post-95467","post","type-post","status-publish","format-standard","hentry","category-barandilla"],"_links":{"self":[{"href":"https:\/\/plazajuarez.mx\/historico\/wp-json\/wp\/v2\/posts\/95467","targetHints":{"allow":["GET"]}}],"collection":[{"href":"https:\/\/plazajuarez.mx\/historico\/wp-json\/wp\/v2\/posts"}],"about":[{"href":"https:\/\/plazajuarez.mx\/historico\/wp-json\/wp\/v2\/types\/post"}],"author":[{"embeddable":true,"href":"https:\/\/plazajuarez.mx\/historico\/wp-json\/wp\/v2\/users\/6"}],"replies":[{"embeddable":true,"href":"https:\/\/plazajuarez.mx\/historico\/wp-json\/wp\/v2\/comments?post=95467"}],"version-history":[{"count":0,"href":"https:\/\/plazajuarez.mx\/historico\/wp-json\/wp\/v2\/posts\/95467\/revisions"}],"wp:attachment":[{"href":"https:\/\/plazajuarez.mx\/historico\/wp-json\/wp\/v2\/media?parent=95467"}],"wp:term":[{"taxonomy":"category","embeddable":true,"href":"https:\/\/plazajuarez.mx\/historico\/wp-json\/wp\/v2\/categories?post=95467"},{"taxonomy":"post_tag","embeddable":true,"href":"https:\/\/plazajuarez.mx\/historico\/wp-json\/wp\/v2\/tags?post=95467"}],"curies":[{"name":"wp","href":"https:\/\/api.w.org\/{rel}","templated":true}]}}