{"id":95464,"date":"2019-12-05T15:14:13","date_gmt":"2019-12-05T15:14:13","guid":{"rendered":"http:\/\/plazajuarez.mx\/index\/index.php\/2019\/12\/05\/las-castas-indignadas-2\/"},"modified":"2019-12-05T15:14:13","modified_gmt":"2019-12-05T15:14:13","slug":"las-castas-indignadas-2","status":"publish","type":"post","link":"https:\/\/plazajuarez.mx\/historico\/las-castas-indignadas-2\/","title":{"rendered":"Las castas indignadas"},"content":{"rendered":"<p>Conciencia Ciudadana<\/p>\n<p>  <!--more-->  <\/p>\n<p>Hace pocos d\u00edas, el vicepresidente de\u00a0 Bolivia \u00c1lvaro Garc\u00eda Linera \u2013derrocado junto con el primer mandatario Evo Morales por un golpe de Estado- mencion\u00f3, al ser cuestionado por la conductora Sabina Berman del programa \u201cJohn y Sabina\u201d del Canal 11 sobre las causas que contribuyeron a la ca\u00edda del gobierno al que perteneci\u00f3 se\u00f1al\u00f3, entre las m\u00e1s importantes, la parad\u00f3jica situaci\u00f3n provocada por el desarrollo alcanzado durante el r\u00e9gimen derrocado por un amplio sector de campesinos, obreros y empleados pobres\u00a0 que les permiti\u00f3\u00a0 ascender en la escala social irrumpiendo en las clases medias, hasta entonces coto exclusivo de mestizos y criollos -que en Bolivia son num\u00e9ricamente inferiores a los ind\u00edgenas- llevando a ellas sus costumbres y valores culturales. <br \/>Lo desconcertante del asunto es que, en una sociedad moderna y democr\u00e1tica donde la divisi\u00f3n de clases se da principalmente por los ingresos econ\u00f3micos y no por la cultura originaria o el color de la piel, el incremento num\u00e9rico de la clase media habr\u00eda sido recibida con\u00a0 entusiasmo, toda vez que se trata de un dato que indica no s\u00f3lo bonanza econ\u00f3mica,\u00a0 sino como un factor determinante para la\u00a0 paz social y el equilibrio pol\u00edtico; toda vez que, al encontrarse entre la rica y la pobre, dicha clase act\u00faa como un colch\u00f3n que aten\u00faa los choques entre ambos extremos.\u00a0 <br \/>Desde ese punto de vista, podr\u00eda esperarse que el bienestar alcanzado en Bolivia se interpretara como\u00a0 factor de progreso y unidad por todas las clases sociales; una garant\u00eda de un futuro que pocas naciones en el mundo actual pueden presumir, especialmente en Latinoam\u00e9rica, donde las diferencias sociales y econ\u00f3micas son abismales. Sin embargo; no ocurri\u00f3 as\u00ed, porque en ese pa\u00eds, al igual que en los dem\u00e1s del subcontinente y\u00a0 especialmente en el nuestro, el progreso de las mayor\u00edas sociales\u00a0\u00a0 no puede verse solamente desde la perspectiva occidental, debido a la mirada colonialista o colonizada que a\u00fan persiste en nuestras sociedades, donde la estructura de castas implantada desde los tiempos de la conquista espa\u00f1ola contin\u00faa ejerciendo su dominio social, cultural, religioso e ideol\u00f3gico. <br \/>Para la mentalidad colonizada, m\u00e1s que la armon\u00eda social, importa mantener las diferencias entre los diferentes grupos sociales a partir del origen \u00e9tnico, la herencia cultural,\u00a0 formas de expresi\u00f3n o el lugar social que le es asignado desde su nacimiento. En suma, m\u00e1s que la pertenencia a una clase determinada econ\u00f3micamente, el sistema colonial que a\u00fan pervive en el imaginario social de nuestros pa\u00edses nos divide en castas, funcionando subterr\u00e1neamente como medio de control y divisionismo, impidiendo constituir aut\u00e9nticas sociedades modernas. <br \/>\u00a0\u00c1lvaro Garc\u00eda Linera reconoci\u00f3 ante Sabina y John \u2013excelentes entrevistadores-, que uno de los fracasos del gobierno nacionalista fue, no haber combatido culturalmente ese terrible flagelo, propiciando que los antiguos clasemedieros nacidos y formados al amparo de la sociedad de casta prevaleciente hasta antes del triunfo democr\u00e1tico de Morales, rechazaran la irrupci\u00f3n de indios y mestizos pobres en los c\u00edrculos a cuya pertenencia les permit\u00eda sentirse superiores socialmente, tales como la educaci\u00f3n superior, los cargos importantes dentro del gobierno y el ej\u00e9rcito, mejores condiciones de vivienda, vestido y alimentaci\u00f3n, acceso a la tecnolog\u00eda digital, etc\u00e9tera; pues con eso \u00a0 quedar\u00edan despojados del aura de grandeza y hasta de bendici\u00f3n divina de las que se creen investidos por derecho natural. De ah\u00ed su enojo y su irritaci\u00f3n, en lo general, inconsciente; que les condujo a aceptar el golpe de estado al\u00a0 primer gobierno que llev\u00f3 los beneficios del progreso a los pueblos ind\u00edgenas sin ponerse a pensar en la p\u00e9rdida de las libertades individuales y el final de los gobiernos democr\u00e1ticos que puede sobrevenir si no se revierte el golpe de estado. <br \/>A tal grado es su odio irracional contra los pueblos originarios, que les resulta imposible comprender el tremendo error hist\u00f3rico que han avalado, sin percatarse que los militares no permitir\u00e1n un r\u00e9gimen democr\u00e1tico para que los pol\u00edticos vuelvan al poder, como ellos se imaginan ingenuamente.<br \/>La reflexi\u00f3n del ex vicepresidente boliviano es pertinente para el caso mexicano. La transformaci\u00f3n de la sociedad que se plantea el nuevo gobierno, no ser\u00e1 posible sin una transformaci\u00f3n cultural de fondo dirigida a eliminar el injusto r\u00e9gimen de discriminaci\u00f3n social y racial que, que impide a\u00fan que a amplios\u00a0 sectores de la sociedad mexicana tome consciencia de la necesidad de terminar definitivamente con las r\u00e9moras de un r\u00e9gimen inhumano inserto hasta el tu\u00e9tano en la mentalidad de un gran sector social; pues a\u00fan entre las clases bajas hay quienes aceptan pasivamente ser tratados como inferiores con tal de poder sobrevivir sin problemas con los de \u201cla alta\u201d.\u00a0 <br \/>Quienes marcharon el primero de diciembre en la CDMX en contra del gobierno del presidente L\u00f3pez Obrador (independientemente del derecho que les asiste para hacerlo), constituyen una expresi\u00f3n\u00a0 que hoy por hoy se siente profundamente afectada por el miedo a perder su estatus social y econ\u00f3mico, pero sobre todo cultural, que hasta ahora les permiti\u00f3 conservar sus privilegios y diferencias frente a los de abajo. Porque aunque no se diga, pertenecer a la gente decente, blanca, ultra cat\u00f3lica, bien hablada y comida, es, para ellos (aunque no re\u00fanan necesariamente todos estos requisitos) motivo de orgullo y distinci\u00f3n que temen perder con los \u201cigualados\u201d que hoy arriban al reparto de la riqueza y la igualdad promovida con los cambios constitucionales de la cuarta transformaci\u00f3n. <br \/>De ah\u00ed la importancia del trabajo educativo que ha de emprenderse en toda la sociedad mexicana, pero especialmente en la educaci\u00f3n de ni\u00f1os, j\u00f3venes y maestros; especialmente hoy que se encuentra a discusi\u00f3n las leyes generales de educaci\u00f3n y se ampl\u00edan los alcances de la nueva reforma educativa. Ah\u00ed queda la lecci\u00f3n de Bolivia\u00a0 y la posibilidad de cambiar la vieja cultura de la discriminaci\u00f3n que tanto da\u00f1o ha hecho a nuestro pa\u00eds.<br \/>Y RECUERDEN QUE VIVOS SE LOS LLEVARON Y VIVOS LOS QUEREMOS YA, CON NOSOTROS.\u00a0\u00a0<\/p>\n","protected":false},"excerpt":{"rendered":"<p>Conciencia Ciudadana<\/p>\n","protected":false},"author":93,"featured_media":0,"comment_status":"open","ping_status":"open","sticky":false,"template":"","format":"standard","meta":{"footnotes":""},"categories":[55],"tags":[],"class_list":["post-95464","post","type-post","status-publish","format-standard","hentry","category-miguel-angel-serna"],"_links":{"self":[{"href":"https:\/\/plazajuarez.mx\/historico\/wp-json\/wp\/v2\/posts\/95464","targetHints":{"allow":["GET"]}}],"collection":[{"href":"https:\/\/plazajuarez.mx\/historico\/wp-json\/wp\/v2\/posts"}],"about":[{"href":"https:\/\/plazajuarez.mx\/historico\/wp-json\/wp\/v2\/types\/post"}],"author":[{"embeddable":true,"href":"https:\/\/plazajuarez.mx\/historico\/wp-json\/wp\/v2\/users\/93"}],"replies":[{"embeddable":true,"href":"https:\/\/plazajuarez.mx\/historico\/wp-json\/wp\/v2\/comments?post=95464"}],"version-history":[{"count":0,"href":"https:\/\/plazajuarez.mx\/historico\/wp-json\/wp\/v2\/posts\/95464\/revisions"}],"wp:attachment":[{"href":"https:\/\/plazajuarez.mx\/historico\/wp-json\/wp\/v2\/media?parent=95464"}],"wp:term":[{"taxonomy":"category","embeddable":true,"href":"https:\/\/plazajuarez.mx\/historico\/wp-json\/wp\/v2\/categories?post=95464"},{"taxonomy":"post_tag","embeddable":true,"href":"https:\/\/plazajuarez.mx\/historico\/wp-json\/wp\/v2\/tags?post=95464"}],"curies":[{"name":"wp","href":"https:\/\/api.w.org\/{rel}","templated":true}]}}