{"id":95462,"date":"2019-12-05T14:49:55","date_gmt":"2019-12-05T14:49:55","guid":{"rendered":"http:\/\/plazajuarez.mx\/index\/index.php\/2019\/12\/05\/luna-aboga-por-cultura-para-recomponer-tejido-social\/"},"modified":"2019-12-05T14:49:55","modified_gmt":"2019-12-05T14:49:55","slug":"luna-aboga-por-cultura-para-recomponer-tejido-social","status":"publish","type":"post","link":"https:\/\/plazajuarez.mx\/historico\/luna-aboga-por-cultura-para-recomponer-tejido-social\/","title":{"rendered":"Luna aboga por cultura para recomponer tejido social"},"content":{"rendered":"<p>En M\u00e9xico <br \/>\u00a0\u00a0 \u00a0\u2022\u00a0\u00a0 \u00a0\u201cEstamos en un pa\u00eds en el que nos urge encontrarnos con el pr\u00f3jimo y la cultura es una herramienta para lograr eso&#8221;, se\u00f1al\u00f3 el actor Diego Luna en la FIL de Guadalajara\u2028<\/p>\n<p>  <!--more-->  <\/p>\n<p>El actor y productor mexicano Diego Luna dijo que acercar la cultura a la ciudadan\u00eda es una forma de fortalecer la identidad y recomponer el tejido social que se ha roto en M\u00e9xico debido a los altos \u00edndices de violencia.<br \/>&#8220;El acceso a la cultura es lo que nos permite entender nuestra riqueza y entendernos en nuestro contexto, y la cultura tambi\u00e9n es indispensable para recomponer el tejido social. Estamos en un pa\u00eds en el que nos urge encontrarnos con el pr\u00f3jimo y la cultura es una herramienta para lograr eso&#8221;, se\u00f1al\u00f3.<br \/>En un di\u00e1logo sobre pol\u00edticas culturales en el marco de la Feria Internacional del Libro (FIL) de Guadalajara (oeste de M\u00e9xico), que se desarrolla hasta el 8 de diciembre, el actor consider\u00f3 que &#8220;la verdadera pobreza radica en el vac\u00edo cultural&#8221;.<br \/>El mexicano sostuvo que el modelo de acceso a la cultura en M\u00e9xico debe considerar la diversidad cultural del pa\u00eds, &#8220;la ignorancia e indiferencia cultural&#8221; de una parte de los mexicanos, y lo que representa tener la frontera norte con un pa\u00eds de primer mundo.<br \/>Record\u00f3 que cuando era ni\u00f1o tuvo acceso a espect\u00e1culos a bajo costo, as\u00ed como a teatro y conciertos en las calles, que lo formaron como espectador, pero tambi\u00e9n lo animaron a dedicarse al arte.<br \/>Luna apel\u00f3 a la participaci\u00f3n ciudadana para abrir espacios culturales y mantener los que ya existen, y compar\u00f3 la p\u00e9rdida de lugares dedicados a las artes con los asesinatos de periodistas en M\u00e9xico, pues en ambos casos se pierden voces importantes para la democracia en el pa\u00eds.<br \/>&#8220;Cuando un periodista es asesinado no se mata solo a una persona; se mata un punto de encuentro, miles de historias que estos cuentan. Con la cultura pasa lo mismo. El arte nos recuerda que no estamos solos y cuando se cierra un espacio, cuando se queda vac\u00eda una butaca, se mueren muchas voces y muchas conciencias, y s\u00ed creo que en eso estamos ante un caso alarmante en este pa\u00eds&#8221;, concluy\u00f3.<br \/>Entre el 30 de noviembre y el 8 de diciembre, la FIL acoge en Guadalajara, capital del occidental estado mexicano de Jalisco, a cerca de 800 escritores provenientes de 37 pa\u00edses y m\u00e1s de 2.000 editoriales, adem\u00e1s una destacada delegaci\u00f3n de la India y cerca de 800.000 visitantes.<\/p>\n","protected":false},"excerpt":{"rendered":"<p>En M\u00e9xico \u00a0\u00a0 \u00a0\u2022\u00a0\u00a0 \u00a0\u201cEstamos en un pa\u00eds en el que nos urge encontrarnos con el pr\u00f3jimo y la cultura es una herramienta para lograr eso&#8221;, se\u00f1al\u00f3 el actor Diego Luna en la FIL de Guadalajara\u2028<\/p>\n","protected":false},"author":93,"featured_media":0,"comment_status":"open","ping_status":"open","sticky":false,"template":"","format":"standard","meta":{"footnotes":""},"categories":[41],"tags":[],"class_list":["post-95462","post","type-post","status-publish","format-standard","hentry","category-arteria-cultural"],"_links":{"self":[{"href":"https:\/\/plazajuarez.mx\/historico\/wp-json\/wp\/v2\/posts\/95462","targetHints":{"allow":["GET"]}}],"collection":[{"href":"https:\/\/plazajuarez.mx\/historico\/wp-json\/wp\/v2\/posts"}],"about":[{"href":"https:\/\/plazajuarez.mx\/historico\/wp-json\/wp\/v2\/types\/post"}],"author":[{"embeddable":true,"href":"https:\/\/plazajuarez.mx\/historico\/wp-json\/wp\/v2\/users\/93"}],"replies":[{"embeddable":true,"href":"https:\/\/plazajuarez.mx\/historico\/wp-json\/wp\/v2\/comments?post=95462"}],"version-history":[{"count":0,"href":"https:\/\/plazajuarez.mx\/historico\/wp-json\/wp\/v2\/posts\/95462\/revisions"}],"wp:attachment":[{"href":"https:\/\/plazajuarez.mx\/historico\/wp-json\/wp\/v2\/media?parent=95462"}],"wp:term":[{"taxonomy":"category","embeddable":true,"href":"https:\/\/plazajuarez.mx\/historico\/wp-json\/wp\/v2\/categories?post=95462"},{"taxonomy":"post_tag","embeddable":true,"href":"https:\/\/plazajuarez.mx\/historico\/wp-json\/wp\/v2\/tags?post=95462"}],"curies":[{"name":"wp","href":"https:\/\/api.w.org\/{rel}","templated":true}]}}