{"id":9533,"date":"2015-08-17T13:45:44","date_gmt":"2015-08-17T13:45:44","guid":{"rendered":"http:\/\/plazajuarez.mx\/index\/index.php\/2015\/08\/17\/alcaldias-deberan-trabajar-en-derechos-humanos\/"},"modified":"2015-08-17T13:45:44","modified_gmt":"2015-08-17T13:45:44","slug":"alcaldias-deberan-trabajar-en-derechos-humanos","status":"publish","type":"post","link":"https:\/\/plazajuarez.mx\/historico\/alcaldias-deberan-trabajar-en-derechos-humanos\/","title":{"rendered":"Alcald\u00edas deber\u00e1n trabajar en derechos humanos"},"content":{"rendered":"<p>EN EL CONGRESO LOCAL <\/p>\n<p>Para dar a conocer su programa de combate a la discriminaci\u00f3n, destac\u00f3 la diputada Mabel Guti\u00e9rrez Ch\u00e1vez<\/p>\n<p>  <!--more-->  <\/p>\n<p>\u00a0<\/p>\n<p>La diputada local de la fracci\u00f3n del Partido Revolucionario Institucional (PRI), Mabel Guti\u00e9rrez Ch\u00e1vez, inform\u00f3 que en lo referente al trabajo que se realiza en la comisi\u00f3n que preside en la 62 Legislatura de Hidalgo, insistir\u00e1n en que las presidencias municipales den a conocer sus programas de protecci\u00f3n a los derechos humanos y a la no discriminaci\u00f3n dentro de sus \u00f3rganos administrativos como con la poblaci\u00f3n que gobiernan.<\/p>\n<p>\u00a0<\/p>\n<p>Destac\u00f3 que el tema de la no discriminaci\u00f3n deber\u00e1 tomar mayor auge en los 84 municipios del estado a fin de lograr una sociedad incluyente y sin discriminaci\u00f3n de ning\u00fan tipo, entre esta destac\u00f3 la que padecen grupos ind\u00edgenas, las personas con alguna discapacidad y la comunidad homosexual del estado.<\/p>\n<p>\u00a0<\/p>\n<p>Por lo anterior la presidenta de la comisi\u00f3n permanente de Derechos Humanos y Atenci\u00f3n a Personas con Discapacidad, destac\u00f3 que ser\u00e1 de gran importancia que los ayuntamientos tengan un plan de trabajo no s\u00f3lo en materia de desarrollo, sino de protecci\u00f3n a los derechos humanos y combate a la discriminaci\u00f3n a fin de que esta problem\u00e1tica sea erradicada totalmente en las dependencias p\u00fablicas y de la sociedad.<\/p>\n<p>\u00a0<\/p>\n<p>\u201cTenemos planteadas una serie de acciones que permitan el avance en este tema, contemplamos medios de divulgaci\u00f3n como son folletos, carteles, conferencias y medios de comunicaci\u00f3n, la finalidad de ser incluyentes y que la gente tambi\u00e9n conozca sus derechos y pueda de esta forma hacerlos valer, nosotros en el congreso estamos abiertos a escuchar los planteamientos de la sociedad civil y tambi\u00e9n de los presidentes municipales\u201d, dijo.<\/p>\n<p>\u00a0<\/p>\n<p>Y agreg\u00f3, \u201cse ha trabajado permanentemente con la comisi\u00f3n revisora, un acuerdo inter-poderes para que tambi\u00e9n sea en estas tres esferas d\u00f3nde se contin\u00fae trabajando en contra de la discriminaci\u00f3n de cualquier tipo y el respeto y garant\u00eda de los derechos humanos en las dependencias, sin embargo no debemos dejar pasar el papel que juega la sociedad y que tambi\u00e9n debe asumir a trav\u00e9s de la denuncia ante los organismos pertinentes, en este caso la Comisi\u00f3n de los Derechos Humanos para el Estado de Hidalgo (CDHEH).<\/p>\n","protected":false},"excerpt":{"rendered":"<p>EN EL CONGRESO LOCAL Para dar a conocer su programa de combate a la discriminaci\u00f3n, destac\u00f3 la diputada Mabel Guti\u00e9rrez Ch\u00e1vez<\/p>\n","protected":false},"author":93,"featured_media":0,"comment_status":"open","ping_status":"open","sticky":false,"template":"","format":"standard","meta":{"footnotes":""},"categories":[59],"tags":[],"class_list":["post-9533","post","type-post","status-publish","format-standard","hentry","category-general"],"_links":{"self":[{"href":"https:\/\/plazajuarez.mx\/historico\/wp-json\/wp\/v2\/posts\/9533","targetHints":{"allow":["GET"]}}],"collection":[{"href":"https:\/\/plazajuarez.mx\/historico\/wp-json\/wp\/v2\/posts"}],"about":[{"href":"https:\/\/plazajuarez.mx\/historico\/wp-json\/wp\/v2\/types\/post"}],"author":[{"embeddable":true,"href":"https:\/\/plazajuarez.mx\/historico\/wp-json\/wp\/v2\/users\/93"}],"replies":[{"embeddable":true,"href":"https:\/\/plazajuarez.mx\/historico\/wp-json\/wp\/v2\/comments?post=9533"}],"version-history":[{"count":0,"href":"https:\/\/plazajuarez.mx\/historico\/wp-json\/wp\/v2\/posts\/9533\/revisions"}],"wp:attachment":[{"href":"https:\/\/plazajuarez.mx\/historico\/wp-json\/wp\/v2\/media?parent=9533"}],"wp:term":[{"taxonomy":"category","embeddable":true,"href":"https:\/\/plazajuarez.mx\/historico\/wp-json\/wp\/v2\/categories?post=9533"},{"taxonomy":"post_tag","embeddable":true,"href":"https:\/\/plazajuarez.mx\/historico\/wp-json\/wp\/v2\/tags?post=9533"}],"curies":[{"name":"wp","href":"https:\/\/api.w.org\/{rel}","templated":true}]}}