{"id":9531,"date":"2015-08-17T13:45:41","date_gmt":"2015-08-17T13:45:41","guid":{"rendered":"http:\/\/plazajuarez.mx\/index\/index.php\/2015\/08\/17\/besoton-en-contra-de-la-homofobia-y-discriminacion\/"},"modified":"2015-08-17T13:45:41","modified_gmt":"2015-08-17T13:45:41","slug":"besoton-en-contra-de-la-homofobia-y-discriminacion","status":"publish","type":"post","link":"https:\/\/plazajuarez.mx\/historico\/besoton-en-contra-de-la-homofobia-y-discriminacion\/","title":{"rendered":"\u201cBesot\u00f3n\u201d en contra de la homofobia y discriminaci\u00f3n"},"content":{"rendered":"<p>EN LA C\u00c9NTRICA PLAZA CONSTITUCI\u00d3N<\/p>\n<p>La comunidad LGTB se\u00f1ala que las creencias religiosas no est\u00e1n por encima de sus derechos<\/p>\n<p>  <!--more-->  <\/p>\n<p>\u00a0<\/p>\n<p>Militantes de organizaciones civiles\u00a0de homosexuales, lesbianas, y transexuales realizaron este domingo a trav\u00e9s del \u201cBesot\u00f3n\u201d en la c\u00e9ntrica Plaza Constituci\u00f3n, un plant\u00f3n \u00a0para manifestarse contra la discriminaci\u00f3n y la homofobia.<\/p>\n<p>De acuerdo con Norman Monroy, se\u00f1al\u00f3\u00a0 que el movimiento tiene como objetivo de protesta hacia las manifestaciones homof\u00f3bicas que han realizado en el pa\u00eds, \u00a0\u201cVemos que en Jalisco realizaron una marcha en contra del matrimonio igualitario y esto se realiz\u00f3 tambi\u00e9n en San Luis Potos\u00ed, Coahuila, \u00a0Campeche y otros estados\u201d, detall\u00f3.<\/p>\n<p>De igual manera precis\u00f3\u00a0\u00a0que muchas de las declaraciones que se\u00f1ala \u00a0la Iglesia Cat\u00f3lica y otros grupos religiosos en espec\u00edfico, hacen que se aminoren los derechos humanos que tienen\u00a0\u00a0como diversidad sexual.<\/p>\n<p>\u201cLo que ellos argumentan es que no deber\u00edan de llamarse matrimonio y deber\u00edan de llamarse uni\u00f3n de convivencia. No somos ciudadanos de segunda, por lo que le hacemos un llamado al gobierno que respete la laicidad del estado\u2026 que ning\u00fan grupo religioso, deba intervenir en el cumplimiento de las leyes de los derechos que nos favorezcan a nosotros\u201d, manifest\u00f3.<\/p>\n<p>Anunci\u00f3 que \u00a0realizar\u00e1n otras actividades a trav\u00e9s de la \u201cCampa\u00f1a Igualitario\u201d junto con la \u201cCampa\u00f1a Igualitario M\u00e9xico\u201d donde se est\u00e1n interponiendo amparos para que las personas del\u00a0mismo sexo se casen.<\/p>\n<p>Sin embargo reconocieron que estas acciones no son suficientes, ya que en muchos de los estados intervienen los grupos religiosos, \u201cPor esos queremos ejercer presi\u00f3n, hacernos visibles, se respete nuestros derechos\u201d.<\/p>\n","protected":false},"excerpt":{"rendered":"<p>EN LA C\u00c9NTRICA PLAZA CONSTITUCI\u00d3N La comunidad LGTB se\u00f1ala que las creencias religiosas no est\u00e1n por encima de sus derechos<\/p>\n","protected":false},"author":93,"featured_media":0,"comment_status":"open","ping_status":"open","sticky":false,"template":"","format":"standard","meta":{"footnotes":""},"categories":[59],"tags":[],"class_list":["post-9531","post","type-post","status-publish","format-standard","hentry","category-general"],"_links":{"self":[{"href":"https:\/\/plazajuarez.mx\/historico\/wp-json\/wp\/v2\/posts\/9531","targetHints":{"allow":["GET"]}}],"collection":[{"href":"https:\/\/plazajuarez.mx\/historico\/wp-json\/wp\/v2\/posts"}],"about":[{"href":"https:\/\/plazajuarez.mx\/historico\/wp-json\/wp\/v2\/types\/post"}],"author":[{"embeddable":true,"href":"https:\/\/plazajuarez.mx\/historico\/wp-json\/wp\/v2\/users\/93"}],"replies":[{"embeddable":true,"href":"https:\/\/plazajuarez.mx\/historico\/wp-json\/wp\/v2\/comments?post=9531"}],"version-history":[{"count":0,"href":"https:\/\/plazajuarez.mx\/historico\/wp-json\/wp\/v2\/posts\/9531\/revisions"}],"wp:attachment":[{"href":"https:\/\/plazajuarez.mx\/historico\/wp-json\/wp\/v2\/media?parent=9531"}],"wp:term":[{"taxonomy":"category","embeddable":true,"href":"https:\/\/plazajuarez.mx\/historico\/wp-json\/wp\/v2\/categories?post=9531"},{"taxonomy":"post_tag","embeddable":true,"href":"https:\/\/plazajuarez.mx\/historico\/wp-json\/wp\/v2\/tags?post=9531"}],"curies":[{"name":"wp","href":"https:\/\/api.w.org\/{rel}","templated":true}]}}