{"id":95034,"date":"2019-11-28T12:56:50","date_gmt":"2019-11-28T12:56:50","guid":{"rendered":"http:\/\/plazajuarez.mx\/index\/index.php\/2019\/11\/28\/el-otono-latinoamericano-cual-rumbo\/"},"modified":"2019-11-28T12:56:50","modified_gmt":"2019-11-28T12:56:50","slug":"el-otono-latinoamericano-cual-rumbo","status":"publish","type":"post","link":"https:\/\/plazajuarez.mx\/historico\/el-otono-latinoamericano-cual-rumbo\/","title":{"rendered":"El &#8220;oto\u00f1o latinoamericano&#8221; \u00bfcu\u00e1l rumbo?"},"content":{"rendered":"<p>OPINI\u00d3N<\/p>\n<p>\u00a0\u00a0 \u00a0\u2022\u00a0\u00a0 \u00a0El caso m\u00e1s dram\u00e1tico y sorprendente es Chile, reconocido como la democracia m\u00e1s estable y avanzada del continente\u2028<\/p>\n<p>  <!--more-->  <\/p>\n<p>El conjunto de Am\u00e9rica Latina se enfrenta en 2019 a uno de los momentos m\u00e1s tr\u00e1gicos de su historia, particularmente grave en Am\u00e9rica del Sur donde casi ning\u00fan pa\u00eds se sustrae del drama. Una causa com\u00fan es el lamentable desempe\u00f1o econ\u00f3mico con un crecimiento esperado del PIB de 0.1%, el m\u00e1s bajo de cualquier continente y la d\u00e9cima parte del promedio mundial, de por s\u00ed a la baja, de 3%. Otra expresi\u00f3n de una ola mundial de convulsiones sociales que brotan sin previo aviso, detonados por alguna chispa, como el aumento de un precio p\u00fablico, amplificados por las redes sociales, sin liderazgos tangibles que socavan gobiernos. Amerita un an\u00e1lisis de sus causas, sus consecuencias y, sobre todo, derivar lecciones.<br \/>El caso m\u00e1s dram\u00e1tico y sorprendente es Chile, reconocido como la democracia m\u00e1s estable y avanzada del continente. La de mayor progreso econ\u00f3mico, que elev\u00f3 su ingreso per c\u00e1pita a US$15,000 (M\u00e9xico US$10,000), que ha reducido la pobreza de 40 a 10% de la poblaci\u00f3n. El aumento del precio del metro provoc\u00f3 una manifestaci\u00f3n violenta de m\u00e1s de 1 mill\u00f3n de habitantes. El Presidente Pi\u00f1era, primero declara &#8220;estamos en guerra&#8221;, el ej\u00e9rcito reprime, hay muertos; despu\u00e9s, retrocede, hace concesiones. Ilustra el debate. Fracas\u00f3 el modelo neoliberal &#8220;Chicago&#8221;, su primero y m\u00e1s festinado ejemplo (?). En todo caso, evidencia las causas generales de la irritaci\u00f3n social. Es uno de los pa\u00edses m\u00e1s desiguales, en el continente m\u00e1s desigual. Un levantamiento de clases medias y j\u00f3venes con expectativas no satisfechas: sistema de pensiones privadas insuficientes en el momento del retiro; educaci\u00f3n, salud semi privatizadas y de baja calidad. Una de las \u00e9lites m\u00e1s arrogantes y desconectadas de la gente. Un sistema fiscal que no redistribuye. Pi\u00f1era anunci\u00f3 aumentar\u00e1 el ISR a los m\u00e1s ricos de 35 a 40%. No est\u00e1 clara la salida. Con un proceso de reforma constitucional mal encauzada, puede resultar peor el remedio que la enfermedad (?).<br \/>Macri, en Argentina, intent\u00f3 una pol\u00edtica econ\u00f3mica m\u00e1s liberal. Fracas\u00f3 por incompetencia: ca\u00edda del PIB de 3%, alto desempleo, aumenta la pobreza, inflaci\u00f3n de 50%. Pierde ante el Presidente Fern\u00e1ndez, nueva encarnaci\u00f3n del peronismo, versi\u00f3n Kirchner, cuya primera tarea ser\u00e1 parad\u00f3jicamente negociar con el FMI para evitar un default sobre su elevada deuda (?).<br \/>En Bolivia, el primer Presidente, surgido de la mayor\u00eda ind\u00edgena en la historia, aprovecha sus grandes descubrimientos de gas para lograr un crecimiento sin precedente, triplicando su PIB, con notable reducci\u00f3n de la pobreza. \u00a1As\u00ed pudo pasar a la historia! Su ambici\u00f3n por una 4\u00aa reelecci\u00f3n, torciendo la constituci\u00f3n y cometiendo un claro fraude electoral le cost\u00f3, sin entrar en tecnicismos, su &#8220;derrocamiento&#8221;. Nuevas elecciones. Regresar\u00e1 Bolivia a su proverbial ingobernabilidad (?).<br \/>Colombia, ya con amplias manifestaciones de descontento popular. Pa\u00eds que ya hab\u00eda avanzado frente al serio problema de violencia con las FARC, econom\u00eda relativamente pr\u00f3spera, en que resurgen los viejos reclamos sociales, con un Presidente Duque d\u00e9bil e impopular. Seguir\u00e1 el camino de Chile (?).<br \/>En todo caso, hay causas comunes. Destacan ca\u00edda del crecimiento, alta desigualdad, reclamos de las clases medias y los j\u00f3venes por salud y educaci\u00f3n de calidad, gobiernos incompetentes. Ante el desprestigio y corrupci\u00f3n de los partidos pol\u00edticos, no hay quien encauce la irritaci\u00f3n social. &#8220;Modelos econ\u00f3micos&#8221; diferentes, el neoliberalismo, el populismo de izquierda o de derecha han fracasado en resolver problemas similares. Ning\u00fan pa\u00eds parece encontrar el rumbo.<br \/>En M\u00e9xico podemos reconocer que la irritaci\u00f3n social se manifest\u00f3 en las urnas, no con sangre en las calles. La gran ventaja es que un l\u00edder con arrastre popular ofrece salidas; su reto es encontrar pronto las pol\u00edticas que den verdaderas soluciones, de lo contrario tambi\u00e9n acaba en crisis.<\/p>\n<p>@suarezdavila<\/p>\n","protected":false},"excerpt":{"rendered":"<p>OPINI\u00d3N \u00a0\u00a0 \u00a0\u2022\u00a0\u00a0 \u00a0El caso m\u00e1s dram\u00e1tico y sorprendente es Chile, reconocido como la democracia m\u00e1s estable y avanzada del continente\u2028<\/p>\n","protected":false},"author":93,"featured_media":0,"comment_status":"open","ping_status":"open","sticky":false,"template":"","format":"standard","meta":{"footnotes":""},"categories":[42],"tags":[],"class_list":["post-95034","post","type-post","status-publish","format-standard","hentry","category-nuestrapalabra"],"_links":{"self":[{"href":"https:\/\/plazajuarez.mx\/historico\/wp-json\/wp\/v2\/posts\/95034","targetHints":{"allow":["GET"]}}],"collection":[{"href":"https:\/\/plazajuarez.mx\/historico\/wp-json\/wp\/v2\/posts"}],"about":[{"href":"https:\/\/plazajuarez.mx\/historico\/wp-json\/wp\/v2\/types\/post"}],"author":[{"embeddable":true,"href":"https:\/\/plazajuarez.mx\/historico\/wp-json\/wp\/v2\/users\/93"}],"replies":[{"embeddable":true,"href":"https:\/\/plazajuarez.mx\/historico\/wp-json\/wp\/v2\/comments?post=95034"}],"version-history":[{"count":0,"href":"https:\/\/plazajuarez.mx\/historico\/wp-json\/wp\/v2\/posts\/95034\/revisions"}],"wp:attachment":[{"href":"https:\/\/plazajuarez.mx\/historico\/wp-json\/wp\/v2\/media?parent=95034"}],"wp:term":[{"taxonomy":"category","embeddable":true,"href":"https:\/\/plazajuarez.mx\/historico\/wp-json\/wp\/v2\/categories?post=95034"},{"taxonomy":"post_tag","embeddable":true,"href":"https:\/\/plazajuarez.mx\/historico\/wp-json\/wp\/v2\/tags?post=95034"}],"curies":[{"name":"wp","href":"https:\/\/api.w.org\/{rel}","templated":true}]}}