{"id":94974,"date":"2019-11-27T12:46:19","date_gmt":"2019-11-27T12:46:19","guid":{"rendered":"http:\/\/plazajuarez.mx\/index\/index.php\/2019\/11\/27\/mas-de-32-anos-de-carcel-a-asesinos-de-olayet\/"},"modified":"2019-11-27T12:46:19","modified_gmt":"2019-11-27T12:46:19","slug":"mas-de-32-anos-de-carcel-a-asesinos-de-olayet","status":"publish","type":"post","link":"https:\/\/plazajuarez.mx\/historico\/mas-de-32-anos-de-carcel-a-asesinos-de-olayet\/","title":{"rendered":"M\u00e1s de 32 a\u00f1os de c\u00e1rcel a asesinos de Olayet"},"content":{"rendered":"<p>El 29 de junio del 2018, familiares de Olayet &#8220;N&#8221;, denunciaron su desaparici\u00f3n <!--more--> <\/p>\n<p> La noche de ayer, la Procuradur\u00eda General de Justicia del estado de Hidalgo dio a conocer que se logr\u00f3 una sentencia de 32 a\u00f1os y seis meses de prisi\u00f3n en contra de los asesinos de Olayet \u201cN\u201d, adem\u00e1s de una cuantiosa multa para la reparaci\u00f3n del da\u00f1o.<\/p>\n<p> Como se recuerda el 29 de junio del 2018, familiares de Olayet &#8220;N&#8221;, denunciaron su desaparici\u00f3n, motivo por el que se inici\u00f3 la carpeta de investigaci\u00f3n correspondiente. <\/p>\n<p> El agente del ministerio p\u00fablico auxiliado por la polic\u00eda de Investigaci\u00f3n, as\u00ed como de los servicios periciales de la PGJEH, demostraron dentro del proceso, la probable responsabilidad de Leticia &#8220;N&#8221; y Edgar C\u00e9sar&#8221; N&#8221; en la muerte de Olayet &#8220;N&#8221;, a quien despojaron de dinero en efectivo, mataron y posteriormente abandonaron su cuerpo en Metztitl\u00e1n.<\/p>\n<p> En agosto inici\u00f3 el proceso penal de los ahora sentenciados, que derivado de la orden de aprehensi\u00f3n otorgada por el juez de control; con fecha 21 de agosto, se logr\u00f3 la detenci\u00f3n de Leticia &#8220;N&#8221; y el 23 del mismo mes la de Edgar C\u00e9sar &#8220;N&#8221; en Pachuca, a quienes se les vincul\u00f3 a proceso el 26 de agosto por el delito de homicidio calificado agravado y robo, en ese entonces la autoridad judicial fij\u00f3 un plazo de cinco meses para el cierre de investigaci\u00f3n complementaria, mientras tanto les fue impuesta la medida cautelar de prisi\u00f3n preventiva oficiosa. <\/p>\n<p> Una vez que el ministerio p\u00fablico adscrito a la Subprocuradur\u00eda de Procedimientos Penales regi\u00f3n oriente, aport\u00f3 todas las pruebas necesarias en la etapa de Juicio, el 11 de noviembre el tribunal de enjuiciamiento emiti\u00f3 el fallo condenatorio por homicidio calificado agravado.<\/p>\n<p> Ayer, en audiencia de individualizaci\u00f3n de sanciones, la autoridad judicial sentenci\u00f3 a 32 a\u00f1os y 6 meses de prisi\u00f3n a Leticia &#8220;N&#8221; y Edgar C\u00e9sar &#8220;N&#8221; , por homicidio agravado cometido en agravio de Olayet &#8220;N&#8221;; adem\u00e1s se orden\u00f3 el pago de $762,000 por concepto de reparaci\u00f3n del da\u00f1o.<\/p>\n<p>\n","protected":false},"excerpt":{"rendered":"<p>El 29 de junio del 2018, familiares de Olayet &#8220;N&#8221;, denunciaron su desaparici\u00f3n<\/p>\n","protected":false},"author":6,"featured_media":0,"comment_status":"open","ping_status":"open","sticky":false,"template":"","format":"standard","meta":{"footnotes":""},"categories":[37],"tags":[],"class_list":["post-94974","post","type-post","status-publish","format-standard","hentry","category-barandilla"],"_links":{"self":[{"href":"https:\/\/plazajuarez.mx\/historico\/wp-json\/wp\/v2\/posts\/94974","targetHints":{"allow":["GET"]}}],"collection":[{"href":"https:\/\/plazajuarez.mx\/historico\/wp-json\/wp\/v2\/posts"}],"about":[{"href":"https:\/\/plazajuarez.mx\/historico\/wp-json\/wp\/v2\/types\/post"}],"author":[{"embeddable":true,"href":"https:\/\/plazajuarez.mx\/historico\/wp-json\/wp\/v2\/users\/6"}],"replies":[{"embeddable":true,"href":"https:\/\/plazajuarez.mx\/historico\/wp-json\/wp\/v2\/comments?post=94974"}],"version-history":[{"count":0,"href":"https:\/\/plazajuarez.mx\/historico\/wp-json\/wp\/v2\/posts\/94974\/revisions"}],"wp:attachment":[{"href":"https:\/\/plazajuarez.mx\/historico\/wp-json\/wp\/v2\/media?parent=94974"}],"wp:term":[{"taxonomy":"category","embeddable":true,"href":"https:\/\/plazajuarez.mx\/historico\/wp-json\/wp\/v2\/categories?post=94974"},{"taxonomy":"post_tag","embeddable":true,"href":"https:\/\/plazajuarez.mx\/historico\/wp-json\/wp\/v2\/tags?post=94974"}],"curies":[{"name":"wp","href":"https:\/\/api.w.org\/{rel}","templated":true}]}}