{"id":94973,"date":"2019-11-27T00:59:08","date_gmt":"2019-11-27T00:59:08","guid":{"rendered":"http:\/\/plazajuarez.mx\/index\/index.php\/2019\/11\/27\/yo-respaldare-cualquier-alerta-omar-fayad\/"},"modified":"2019-11-27T00:59:08","modified_gmt":"2019-11-27T00:59:08","slug":"yo-respaldare-cualquier-alerta-omar-fayad","status":"publish","type":"post","link":"https:\/\/plazajuarez.mx\/historico\/yo-respaldare-cualquier-alerta-omar-fayad\/","title":{"rendered":"\u201cYo respaldar\u00e9 cualquier alerta\u201d Omar Fayad"},"content":{"rendered":"<p><span style=\"font-weight: 400;\">El gobernador del estado pidi\u00f3 que no se d\u00e9 pie a la psicosis en Hidalgo y asegur\u00f3 que las autoridades encargadas de la seguridad est\u00e1n haciendo su trabajo.<\/span><\/p>\n<p>  <!--more-->  <\/p>\n<p style=\"text-align: justify;\"><span style=\"font-weight: 400;\">El gobernador del estado de Hidalgo, Omar Fayad Meneses, inform\u00f3 que en caso de que \u201clas autoridades pertinentes\u201d entre las que destac\u00f3 a la Secretar\u00eda de Gobernaci\u00f3n Federal y la comisi\u00f3n de derechos humanos,\u00a0 determinan que Hidalgo requiere la emisi\u00f3n de una Alerta de G\u00e9nero como han solicitado grupos de activistas en recientes manifestaciones hechas en Pachuca, la respaldar\u00e1, ya que dijo que la emitan o no, \u00e9l tiene una responsabilidad con el tema de la seguridad, misma que dijo \u201ces la que queremos afrontar\u201d.<\/span><\/p>\n<p style=\"text-align: justify;\">\u00a0<\/p>\n<p style=\"text-align: justify;\"><span style=\"font-weight: 400;\">Sin embargo se\u00f1al\u00f3 que a diferencia de la psicosis que buscan crear entre la poblaci\u00f3n, en especial el denominado Grupo Universidad, en Hidalgo no se cuentan con cifras alarmantes que pudieran dar pie a la emisi\u00f3n de la alerta de g\u00e9nero, y destac\u00f3 que lo que hizo que se viera con mayor magnitud fue el reciente caso de la joven de nombre Lorena, de qui\u00e9n dijo ya fueron capturados los presuntos responsables de ese crimen.<\/span><\/p>\n<p style=\"text-align: justify;\">\u00a0<\/p>\n<p style=\"text-align: justify;\"><span style=\"font-weight: 400;\">\u201cYo respaldar\u00eda cualquier alerta que se generara esperando que no sean las alertas falsas que luego me hace el Grupo Universidad que se dedica a trav\u00e9s de un peri\u00f3dico local a generar alertas falsas, entonces nada m\u00e1s no cayendo en esas cosas, lo dem\u00e1s es muy serio porque es la sociedad civil\u201d, adem\u00e1s destac\u00f3 que en los pr\u00f3ximos d\u00edas dar\u00e1 audiencias p\u00fablicas a las organizaciones de la sociedad civil que est\u00e1n abordando el tema en la entidad.<\/span><\/p>\n<p style=\"text-align: justify;\">\u00a0<\/p>\n<p style=\"text-align: justify;\"><span style=\"font-weight: 400;\">Destac\u00f3 que la primera ser\u00e1 con Sonrisas Perdidas, y seguir\u00e1 \u201cYo si te creo\u201d entre otras que no s\u00f3lo est\u00e1n viendo por el tema de mujeres desaparecidas sino\u00a0 que tambi\u00e9n ven la situaci\u00f3n de violencia contra la mujer.<\/span><\/p>\n<p style=\"text-align: justify;\">\u00a0<\/p>\n<p style=\"text-align: justify;\"><span style=\"font-weight: 400;\">Y explic\u00f3 que ante los cuestionamientos que la ciudadan\u00eda ha hecho a la Procuradur\u00eda General de Justicia del Estado de Hidalgo (PGJEH), la dependencia realiza su trabajo, \u201cest\u00e1n haciendo su chamba, existe unas Fiscal\u00eda Especializada en el tema de b\u00fasqueda de personas, existe una comisi\u00f3n para la b\u00fasqueda de personas, nosotros vamos a apoyar en todo lo que est\u00e9 a nuestro alcance, la cifra no supera la de 2018, sin embargo si las autoridades deciden emitir la alerta, yo cumplir\u00e9 con lo que tenga que cumplir\u201d.<\/span><\/p>\n<p style=\"text-align: justify;\">\u00a0<\/p>\n<p style=\"text-align: justify;\"><span style=\"font-weight: 400;\">Lo anterior posterior, a la ceremonia que encabez\u00f3 en la capital hidalguense, en torno a la conmemoraci\u00f3n del Centenario del Fallecimiento del General Felipe \u00c1ngeles Ram\u00edrez.<\/span><\/p>\n<p style=\"text-align: justify;\">\n<p><span style=\"font-weight: 400;\">\u00a0<\/span><\/p>\n","protected":false},"excerpt":{"rendered":"<p>El gobernador del estado pidi\u00f3 que no se d\u00e9 pie a la psicosis en Hidalgo y asegur\u00f3 que las autoridades encargadas de la seguridad est\u00e1n haciendo su trabajo.<\/p>\n","protected":false},"author":1,"featured_media":0,"comment_status":"open","ping_status":"open","sticky":false,"template":"","format":"standard","meta":{"footnotes":""},"categories":[59],"tags":[],"class_list":["post-94973","post","type-post","status-publish","format-standard","hentry","category-general"],"_links":{"self":[{"href":"https:\/\/plazajuarez.mx\/historico\/wp-json\/wp\/v2\/posts\/94973","targetHints":{"allow":["GET"]}}],"collection":[{"href":"https:\/\/plazajuarez.mx\/historico\/wp-json\/wp\/v2\/posts"}],"about":[{"href":"https:\/\/plazajuarez.mx\/historico\/wp-json\/wp\/v2\/types\/post"}],"author":[{"embeddable":true,"href":"https:\/\/plazajuarez.mx\/historico\/wp-json\/wp\/v2\/users\/1"}],"replies":[{"embeddable":true,"href":"https:\/\/plazajuarez.mx\/historico\/wp-json\/wp\/v2\/comments?post=94973"}],"version-history":[{"count":0,"href":"https:\/\/plazajuarez.mx\/historico\/wp-json\/wp\/v2\/posts\/94973\/revisions"}],"wp:attachment":[{"href":"https:\/\/plazajuarez.mx\/historico\/wp-json\/wp\/v2\/media?parent=94973"}],"wp:term":[{"taxonomy":"category","embeddable":true,"href":"https:\/\/plazajuarez.mx\/historico\/wp-json\/wp\/v2\/categories?post=94973"},{"taxonomy":"post_tag","embeddable":true,"href":"https:\/\/plazajuarez.mx\/historico\/wp-json\/wp\/v2\/tags?post=94973"}],"curies":[{"name":"wp","href":"https:\/\/api.w.org\/{rel}","templated":true}]}}