{"id":94944,"date":"2019-11-26T16:27:30","date_gmt":"2019-11-26T16:27:30","guid":{"rendered":"http:\/\/plazajuarez.mx\/index\/index.php\/2019\/11\/26\/macri-afirma-que-sera-oposicion-constructiva\/"},"modified":"2019-11-26T16:27:30","modified_gmt":"2019-11-26T16:27:30","slug":"macri-afirma-que-sera-oposicion-constructiva","status":"publish","type":"post","link":"https:\/\/plazajuarez.mx\/historico\/macri-afirma-que-sera-oposicion-constructiva\/","title":{"rendered":"Macri afirma que ser\u00e1 &#8220;oposici\u00f3n constructiva&#8221;"},"content":{"rendered":"<p>Dice respecto al retorno del peronismo, que ser\u00e1 gobierno de nueva cuenta a partir del 10 de diciembre<\/p>\n<p>  <!--more-->  <\/p>\n<p>S\u00f3lo le falt\u00f3 decir: \u201cque le vaya bien. Porque si le van bien a Alberto Fern\u00e1ndez, le va bien a Argentina\u201d<\/p>\n<p>EFE.- El presidente saliente de Argentina, Mauricio Macri, afirm\u00f3 este lunes que ser\u00e1 la &#8220;oposici\u00f3n constructiva y responsable&#8221; al Gobierno del peronista Alberto Fern\u00e1ndez, quien asumir\u00e1 como nuevo l\u00edder del Ejecutivo el pr\u00f3ximo 10 de diciembre.<\/p>\n<p>&#8220;Con respecto a mi seguir\u00e9 ah\u00ed, donde me toca ahora, tratando de aportar desde una oposici\u00f3n constructiva, responsable, porque todos creemos que se puede, todos hemos entendido que jam\u00e1s nos tenemos que volver a resignar&#8221;, afirm\u00f3 durante la inauguraci\u00f3n de una estaci\u00f3n de ferrocarril en Buenos Aires.<\/p>\n<p>A falta de dos semanas para agotar su mandato, Macri repas\u00f3 los cuatro a\u00f1os de su Gobierno, en los que a pesar del desastre, a su juicio, dej\u00f3 &#8220;una base que le va a permitir al Gobierno que viene seguir transformando, seguir construyendo&#8221;.<\/p>\n","protected":false},"excerpt":{"rendered":"<p>Dice respecto al retorno del peronismo, que ser\u00e1 gobierno de nueva cuenta a partir del 10 de diciembre<\/p>\n","protected":false},"author":3,"featured_media":0,"comment_status":"open","ping_status":"open","sticky":false,"template":"","format":"standard","meta":{"footnotes":""},"categories":[31],"tags":[],"class_list":["post-94944","post","type-post","status-publish","format-standard","hentry","category-orbe"],"_links":{"self":[{"href":"https:\/\/plazajuarez.mx\/historico\/wp-json\/wp\/v2\/posts\/94944","targetHints":{"allow":["GET"]}}],"collection":[{"href":"https:\/\/plazajuarez.mx\/historico\/wp-json\/wp\/v2\/posts"}],"about":[{"href":"https:\/\/plazajuarez.mx\/historico\/wp-json\/wp\/v2\/types\/post"}],"author":[{"embeddable":true,"href":"https:\/\/plazajuarez.mx\/historico\/wp-json\/wp\/v2\/users\/3"}],"replies":[{"embeddable":true,"href":"https:\/\/plazajuarez.mx\/historico\/wp-json\/wp\/v2\/comments?post=94944"}],"version-history":[{"count":0,"href":"https:\/\/plazajuarez.mx\/historico\/wp-json\/wp\/v2\/posts\/94944\/revisions"}],"wp:attachment":[{"href":"https:\/\/plazajuarez.mx\/historico\/wp-json\/wp\/v2\/media?parent=94944"}],"wp:term":[{"taxonomy":"category","embeddable":true,"href":"https:\/\/plazajuarez.mx\/historico\/wp-json\/wp\/v2\/categories?post=94944"},{"taxonomy":"post_tag","embeddable":true,"href":"https:\/\/plazajuarez.mx\/historico\/wp-json\/wp\/v2\/tags?post=94944"}],"curies":[{"name":"wp","href":"https:\/\/api.w.org\/{rel}","templated":true}]}}