{"id":94942,"date":"2019-11-26T16:25:14","date_gmt":"2019-11-26T16:25:14","guid":{"rendered":"http:\/\/plazajuarez.mx\/index\/index.php\/2019\/11\/26\/papa-hace-eco-de-la-preocupacion-por-la-energia-nuclear-en-japon\/"},"modified":"2019-11-26T16:25:14","modified_gmt":"2019-11-26T16:25:14","slug":"papa-hace-eco-de-la-preocupacion-por-la-energia-nuclear-en-japon","status":"publish","type":"post","link":"https:\/\/plazajuarez.mx\/historico\/papa-hace-eco-de-la-preocupacion-por-la-energia-nuclear-en-japon\/","title":{"rendered":"Papa hace eco de la preocupaci\u00f3n por la energ\u00eda nuclear en Jap\u00f3n"},"content":{"rendered":"<p>EFE.- &#8220;Por favor, rece para que en todo el mundo se elimine de nuestro futuro la amenaza de la exposici\u00f3n a las radiaciones&#8221;, le pidi\u00f3 ayer al Papa Francisco Matsuki Kamoshita, de 16 a\u00f1os, uno de los damnificados por el terremoto que en 2011 provoc\u00f3 el tsunami y la crisis nuclear en Fukushima (Jap\u00f3n).<\/p>\n<p>  <!--more-->  <\/p>\n<p>Francisco escuch\u00f3 el testimonio de Matsuki en un acto con v\u00edctimas de un desastre que caus\u00f3 unos 20 mil muertos y 150 mil desplazados, de los que 50 mil no han regresado a sus casas, adem\u00e1s de miedo a una verdadera hecatombe nuclear.<\/p>\n<p>Por ello, el Papa se hizo eco durante su discurso de &#8220;la preocupaci\u00f3n por el uso continuo de la energ\u00eda nuclear&#8221; en este pa\u00eds de continuos terremotos y record\u00f3 &#8220;la petici\u00f3n de la abolici\u00f3n de las centrales nucleares por parte de los obispos japoneses&#8221;.<\/p>\n<p>Francisco no habl\u00f3 del posible cierre de las centrales, pero s\u00ed subray\u00f3 la necesidad de &#8220;tomar decisiones valientes e importantes sobre el uso de los recursos naturales, y en particular sobre las futuras fuentes de energ\u00eda&#8221;.<\/p>\n<p>El terremoto y tsunami del 11 de marzo de 2011 provocaron en la central de Fukushima el peor accidente nuclear de la historia desde el de Chern\u00f3bil (Ucrania) en 1986.<\/p>\n<p>El Papa pregunt\u00f3: \u00bfQu\u00e9 clase de mundo, qu\u00e9 clase de legado queremos dejar a los que vendr\u00e1n despu\u00e9s de nosotros?&#8221;.<\/p>\n","protected":false},"excerpt":{"rendered":"<p>EFE.- &#8220;Por favor, rece para que en todo el mundo se elimine de nuestro futuro la amenaza de la exposici\u00f3n a las radiaciones&#8221;, le pidi\u00f3 ayer al Papa Francisco Matsuki Kamoshita, de 16 a\u00f1os, uno de los damnificados por el terremoto que en 2011 provoc\u00f3 el tsunami y la crisis nuclear en Fukushima (Jap\u00f3n).<\/p>\n","protected":false},"author":3,"featured_media":0,"comment_status":"open","ping_status":"open","sticky":false,"template":"","format":"standard","meta":{"footnotes":""},"categories":[31],"tags":[],"class_list":["post-94942","post","type-post","status-publish","format-standard","hentry","category-orbe"],"_links":{"self":[{"href":"https:\/\/plazajuarez.mx\/historico\/wp-json\/wp\/v2\/posts\/94942","targetHints":{"allow":["GET"]}}],"collection":[{"href":"https:\/\/plazajuarez.mx\/historico\/wp-json\/wp\/v2\/posts"}],"about":[{"href":"https:\/\/plazajuarez.mx\/historico\/wp-json\/wp\/v2\/types\/post"}],"author":[{"embeddable":true,"href":"https:\/\/plazajuarez.mx\/historico\/wp-json\/wp\/v2\/users\/3"}],"replies":[{"embeddable":true,"href":"https:\/\/plazajuarez.mx\/historico\/wp-json\/wp\/v2\/comments?post=94942"}],"version-history":[{"count":0,"href":"https:\/\/plazajuarez.mx\/historico\/wp-json\/wp\/v2\/posts\/94942\/revisions"}],"wp:attachment":[{"href":"https:\/\/plazajuarez.mx\/historico\/wp-json\/wp\/v2\/media?parent=94942"}],"wp:term":[{"taxonomy":"category","embeddable":true,"href":"https:\/\/plazajuarez.mx\/historico\/wp-json\/wp\/v2\/categories?post=94942"},{"taxonomy":"post_tag","embeddable":true,"href":"https:\/\/plazajuarez.mx\/historico\/wp-json\/wp\/v2\/tags?post=94942"}],"curies":[{"name":"wp","href":"https:\/\/api.w.org\/{rel}","templated":true}]}}