{"id":94941,"date":"2019-11-26T16:23:53","date_gmt":"2019-11-26T16:23:53","guid":{"rendered":"http:\/\/plazajuarez.mx\/index\/index.php\/2019\/11\/26\/inician-construccion-de-cuartos-dormitorios\/"},"modified":"2019-11-26T16:23:53","modified_gmt":"2019-11-26T16:23:53","slug":"inician-construccion-de-cuartos-dormitorios","status":"publish","type":"post","link":"https:\/\/plazajuarez.mx\/historico\/inician-construccion-de-cuartos-dormitorios\/","title":{"rendered":"Inician construcci\u00f3n de cuartos dormitorios\u00a0  \u00a0"},"content":{"rendered":"<p>\u00a0<\/p>\n<p>El jefe del Ejecutivo municipal, H\u00e9ctor Meneses Arrieta, dijo que la inversi\u00f3n que se hizo en estos cinco cuartos fue superior a los 400 mil pesos, de recursos provenientes\u00a0de la Comisi\u00f3n Estatal para el Desarrollo Sostenible de los Pueblos Ind\u00edgenas.<\/p>\n<p>  <!--more-->  <\/p>\n<p>Especific\u00f3 que se ha estado recurriendo a instancias federales y estatales, para contar con el apoyo necesario a fin de erradicar el rezago social, \u201cno en su totalidad pero de ser posible llegar a un 50 por ciento en comunidades ubicadas en esta media nacional\u201d.<\/p>\n<p>Meneses Arrieta expres\u00f3 que en el municipio de Zempoala, existen al menos diez comunidades ubicadas en la extrema pobreza, tanto en vivienda como en servicios, ah\u00ed se est\u00e1 invirtiendo para lograr abatirla.<\/p>\n<p>El alcalde tambi\u00e9n se\u00f1al\u00f3 que se pretende que este programa de obra p\u00fablica se ampl\u00ede a diferentes comunidades, para que m\u00e1s familias que no tienen una vivienda digna, agranden su patrimonio.<\/p>\n<p>Dijo que los nuevos beneficiados de este programa, se seleccionaron en base a las condiciones de vida; en\u00a0 las condiciones de extrema pobreza que existe en cada una de estas las comunidades.<\/p>\n<p>&#8220;Estamos iniciando este tipo de beneficio para la gente que m\u00e1s lo necesita, con porcentaje de apoyo del 100 por ciento del gobierno federal, ya que las personas seleccionadas para recibir estas viviendas pertenecen a las \u00e1reas de muy alta marginaci\u00f3n\u201d.<\/p>\n","protected":false},"excerpt":{"rendered":"<p>\u00a0 El jefe del Ejecutivo municipal, H\u00e9ctor Meneses Arrieta, dijo que la inversi\u00f3n que se hizo en estos cinco cuartos fue superior a los 400 mil pesos, de recursos provenientes\u00a0de la Comisi\u00f3n Estatal para el Desarrollo Sostenible de los Pueblos Ind\u00edgenas.<\/p>\n","protected":false},"author":3,"featured_media":0,"comment_status":"open","ping_status":"open","sticky":false,"template":"","format":"standard","meta":{"footnotes":""},"categories":[40],"tags":[],"class_list":["post-94941","post","type-post","status-publish","format-standard","hentry","category-region"],"_links":{"self":[{"href":"https:\/\/plazajuarez.mx\/historico\/wp-json\/wp\/v2\/posts\/94941","targetHints":{"allow":["GET"]}}],"collection":[{"href":"https:\/\/plazajuarez.mx\/historico\/wp-json\/wp\/v2\/posts"}],"about":[{"href":"https:\/\/plazajuarez.mx\/historico\/wp-json\/wp\/v2\/types\/post"}],"author":[{"embeddable":true,"href":"https:\/\/plazajuarez.mx\/historico\/wp-json\/wp\/v2\/users\/3"}],"replies":[{"embeddable":true,"href":"https:\/\/plazajuarez.mx\/historico\/wp-json\/wp\/v2\/comments?post=94941"}],"version-history":[{"count":0,"href":"https:\/\/plazajuarez.mx\/historico\/wp-json\/wp\/v2\/posts\/94941\/revisions"}],"wp:attachment":[{"href":"https:\/\/plazajuarez.mx\/historico\/wp-json\/wp\/v2\/media?parent=94941"}],"wp:term":[{"taxonomy":"category","embeddable":true,"href":"https:\/\/plazajuarez.mx\/historico\/wp-json\/wp\/v2\/categories?post=94941"},{"taxonomy":"post_tag","embeddable":true,"href":"https:\/\/plazajuarez.mx\/historico\/wp-json\/wp\/v2\/tags?post=94941"}],"curies":[{"name":"wp","href":"https:\/\/api.w.org\/{rel}","templated":true}]}}