{"id":94940,"date":"2019-11-26T16:22:07","date_gmt":"2019-11-26T16:22:07","guid":{"rendered":"http:\/\/plazajuarez.mx\/index\/index.php\/2019\/11\/26\/cobijan-a-elementos-de-la-guardia-nacional\/"},"modified":"2019-11-26T16:22:07","modified_gmt":"2019-11-26T16:22:07","slug":"cobijan-a-elementos-de-la-guardia-nacional","status":"publish","type":"post","link":"https:\/\/plazajuarez.mx\/historico\/cobijan-a-elementos-de-la-guardia-nacional\/","title":{"rendered":"Cobijan a Elementos de la Guardia Nacional  \u00a0"},"content":{"rendered":"<p>\u00a0<\/p>\n<p>El jefe del Ejecutivo municipal dijo que la presencia de la Guardia Nacional en el municipio, tiene como misi\u00f3n principal garantizar la seguridad p\u00fablica, con respeto a los derechos humanos y trabajar de manera coordinada con la Secretar\u00eda de Seguridad P\u00fablica Municipal de Tepeapulco, Polic\u00eda Estatal y la Polic\u00eda Federal; ello en el marco de la entrega de apoyos para este grupo de seguridad.<\/p>\n<p>  <!--more-->  <\/p>\n<p>En el acto protocolario de la entrega, Delgadillo L\u00f3pez resalt\u00f3 la relaci\u00f3n existente entre empresarios locales, y su administraci\u00f3n, muestra de ello son las diversas acciones de cooperaci\u00f3n realizadas, como esta entrega de cobijas.<\/p>\n<p>El alcalde reafirm\u00f3 su disposici\u00f3n para colaborar en todo lo necesario a fin de que el mando civil realice sus labores en materia de seguridad p\u00fablica.<\/p>\n<p>As\u00ed mismo se pronunci\u00f3 a favor de que el nuevo cuerpo de seguridad coadyuve en acciones con los tres niveles de gobierno.<\/p>\n<p>Agradeci\u00f3 el acto de solidaridad al presidente de la Asociaci\u00f3n Empresarial Industriales de Ciudad Sahag\u00fan, El\u00edas Pardo S\u00e1nchez.\u00a0<\/p>\n","protected":false},"excerpt":{"rendered":"<p>\u00a0 El jefe del Ejecutivo municipal dijo que la presencia de la Guardia Nacional en el municipio, tiene como misi\u00f3n principal garantizar la seguridad p\u00fablica, con respeto a los derechos humanos y trabajar de manera coordinada con la Secretar\u00eda de Seguridad P\u00fablica Municipal de Tepeapulco, Polic\u00eda Estatal y la Polic\u00eda Federal; ello en el marco [&hellip;]<\/p>\n","protected":false},"author":3,"featured_media":0,"comment_status":"open","ping_status":"open","sticky":false,"template":"","format":"standard","meta":{"footnotes":""},"categories":[40],"tags":[],"class_list":["post-94940","post","type-post","status-publish","format-standard","hentry","category-region"],"_links":{"self":[{"href":"https:\/\/plazajuarez.mx\/historico\/wp-json\/wp\/v2\/posts\/94940","targetHints":{"allow":["GET"]}}],"collection":[{"href":"https:\/\/plazajuarez.mx\/historico\/wp-json\/wp\/v2\/posts"}],"about":[{"href":"https:\/\/plazajuarez.mx\/historico\/wp-json\/wp\/v2\/types\/post"}],"author":[{"embeddable":true,"href":"https:\/\/plazajuarez.mx\/historico\/wp-json\/wp\/v2\/users\/3"}],"replies":[{"embeddable":true,"href":"https:\/\/plazajuarez.mx\/historico\/wp-json\/wp\/v2\/comments?post=94940"}],"version-history":[{"count":0,"href":"https:\/\/plazajuarez.mx\/historico\/wp-json\/wp\/v2\/posts\/94940\/revisions"}],"wp:attachment":[{"href":"https:\/\/plazajuarez.mx\/historico\/wp-json\/wp\/v2\/media?parent=94940"}],"wp:term":[{"taxonomy":"category","embeddable":true,"href":"https:\/\/plazajuarez.mx\/historico\/wp-json\/wp\/v2\/categories?post=94940"},{"taxonomy":"post_tag","embeddable":true,"href":"https:\/\/plazajuarez.mx\/historico\/wp-json\/wp\/v2\/tags?post=94940"}],"curies":[{"name":"wp","href":"https:\/\/api.w.org\/{rel}","templated":true}]}}