{"id":94938,"date":"2019-11-26T16:21:18","date_gmt":"2019-11-26T16:21:18","guid":{"rendered":"http:\/\/plazajuarez.mx\/index\/index.php\/2019\/11\/26\/hoy-impartiran-interesante-taller\/"},"modified":"2019-11-26T16:21:18","modified_gmt":"2019-11-26T16:21:18","slug":"hoy-impartiran-interesante-taller","status":"publish","type":"post","link":"https:\/\/plazajuarez.mx\/historico\/hoy-impartiran-interesante-taller\/","title":{"rendered":"Hoy impartir\u00e1n interesante taller"},"content":{"rendered":"<p>\u00a0<\/p>\n<p>Con un paquete de siete temas a abordar, el pr\u00f3ximo 26 de noviembre se llevar\u00e1 a cabo en el auditorio Benito Ju\u00e1rez de la\u00a0 presidencia municipal el mencionado taller.\u00a0<\/p>\n<p>  <!--more-->  <\/p>\n<p>Tulancingo ser\u00e1 sede regional y se contar\u00e1 con la presencia de enlaces de la Procuradur\u00eda General de Justicia, Secretar\u00eda de Salud, Desarrollo Social, Turismo y Educaci\u00f3n P\u00fablica Estatal.<\/p>\n<p>F\u00e9lix Ch\u00e1vez San Juan, director de Turismo dijo que el objetivo del curso es acercar a la poblaci\u00f3n migrante y ciudadan\u00eda en general, temas de inter\u00e9s que apoyen a inhibir situaciones de riesgo as\u00ed como orientar a la poblaci\u00f3n sobre esquemas de apoyo que existen en las distintas dependencias de gobierno estatal, federal y municipal.<\/p>\n<p>El taller comenzar\u00e1 a las 10:00 y tendr\u00e1 una duraci\u00f3n de cuatro horas y en este tiempo se resolver\u00e1n dudas pero tambi\u00e9n se compartir\u00e1 el trabajo para revertir tanto la trata de personas como delitos cibern\u00e9ticos.<\/p>\n<p>Es la primera vez que se realiza una acci\u00f3n similar, la cual se deriva de acuerdos tomados en reuniones permanentes que se llevan\u00a0 a cabo con el Instituto Nacional de Migraci\u00f3n.<\/p>\n","protected":false},"excerpt":{"rendered":"<p>\u00a0 Con un paquete de siete temas a abordar, el pr\u00f3ximo 26 de noviembre se llevar\u00e1 a cabo en el auditorio Benito Ju\u00e1rez de la\u00a0 presidencia municipal el mencionado taller.\u00a0<\/p>\n","protected":false},"author":3,"featured_media":0,"comment_status":"open","ping_status":"open","sticky":false,"template":"","format":"standard","meta":{"footnotes":""},"categories":[40],"tags":[],"class_list":["post-94938","post","type-post","status-publish","format-standard","hentry","category-region"],"_links":{"self":[{"href":"https:\/\/plazajuarez.mx\/historico\/wp-json\/wp\/v2\/posts\/94938","targetHints":{"allow":["GET"]}}],"collection":[{"href":"https:\/\/plazajuarez.mx\/historico\/wp-json\/wp\/v2\/posts"}],"about":[{"href":"https:\/\/plazajuarez.mx\/historico\/wp-json\/wp\/v2\/types\/post"}],"author":[{"embeddable":true,"href":"https:\/\/plazajuarez.mx\/historico\/wp-json\/wp\/v2\/users\/3"}],"replies":[{"embeddable":true,"href":"https:\/\/plazajuarez.mx\/historico\/wp-json\/wp\/v2\/comments?post=94938"}],"version-history":[{"count":0,"href":"https:\/\/plazajuarez.mx\/historico\/wp-json\/wp\/v2\/posts\/94938\/revisions"}],"wp:attachment":[{"href":"https:\/\/plazajuarez.mx\/historico\/wp-json\/wp\/v2\/media?parent=94938"}],"wp:term":[{"taxonomy":"category","embeddable":true,"href":"https:\/\/plazajuarez.mx\/historico\/wp-json\/wp\/v2\/categories?post=94938"},{"taxonomy":"post_tag","embeddable":true,"href":"https:\/\/plazajuarez.mx\/historico\/wp-json\/wp\/v2\/tags?post=94938"}],"curies":[{"name":"wp","href":"https:\/\/api.w.org\/{rel}","templated":true}]}}