{"id":94937,"date":"2019-11-26T16:19:13","date_gmt":"2019-11-26T16:19:13","guid":{"rendered":"http:\/\/plazajuarez.mx\/index\/index.php\/2019\/11\/26\/alcalde-recibio-a-responsables-del-censo-2020\/"},"modified":"2019-11-26T16:19:13","modified_gmt":"2019-11-26T16:19:13","slug":"alcalde-recibio-a-responsables-del-censo-2020","status":"publish","type":"post","link":"https:\/\/plazajuarez.mx\/historico\/alcalde-recibio-a-responsables-del-censo-2020\/","title":{"rendered":"Alcalde recibi\u00f3 a responsables del Censo-2020"},"content":{"rendered":"<p>Con motivo del Censo de Poblaci\u00f3n y Vivienda 2020, que el Instituto Nacional de Estad\u00edstica Geograf\u00eda e Inform\u00e1tica (Inegi) llevar\u00e1 a cabo durante el mes de marzo del a\u00f1o pr\u00f3ximo, el presidente municipal de Tula, Ismael Gadoth Tapia Ben\u00edtez, recibi\u00f3 al equipo responsable de coordinar el desarrollo del censo en esta regi\u00f3n, encabezados por Betsy Mariel Monroy Rufino, coordinadora de zona.<\/p>\n<p>  <!--more-->  <\/p>\n<p>La reuni\u00f3n tuvo la finalidad de presentar de forma general las caracter\u00edsticas esenciales del censo, el cual lleva 125 a\u00f1os de realizarse en M\u00e9xico (cada diez a\u00f1os) desde 1895, en \u00e9l se registra enumeraci\u00f3n individual con las caracter\u00edsticas de cada persona y cada vivienda y donde cada residente debe ser censado.<\/p>\n<p>El personal del Inegi inform\u00f3 que del 2 al 27 de marzo del a\u00f1o pr\u00f3ximo levantar\u00e1 el censo 2020.<\/p>\n<p>La informaci\u00f3n, con fines estad\u00edsticos, es usada principalmente para la distribuci\u00f3n de recursos, la ley de coordinaci\u00f3n fiscal que determina el presupuesto que requiere cada una de las entidades de acuerdo a sus necesidades, toda vez que con el censo es una forma de medir en qu\u00e9 lugares a\u00fan no cuentan con servicios b\u00e1sicos, entre otros.<\/p>\n<p>Informaron que los entrevistadores estar\u00e1n debidamente identificados con uniforme y credencial.<\/p>\n<p>El cuestionario es de 38 preguntas que incluyen \u00edndices sobre nivel socioecon\u00f3mico, uso de tecnolog\u00edas, vivienda, nivel de estudios, edad, etc\u00e9tera; a responderse en un promedio de 12 minutos.<\/p>\n<p>Adem\u00e1s hay un cuestionario ampliado que se aplicar\u00e1 en 4 millones de viviendas a nivel nacional con 65 preguntas para tratar temas m\u00e1s a fondo como salud, discapacidad, entre otros.<\/p>\n<p>El alcalde atendi\u00f3 la solicitud del Inegi para brindar el apoyo en temas de seguridad y acceso a espacios de apoyo a la log\u00edstica del instituto.<\/p>\n<p>El Inegi se\u00f1al\u00f3 que requieren personal como responsables de \u00e1rea, supervisores y entrevistadores, los cuales lo ideal es que sean del municipio ya que conocen la zona y son conocidos de las localidades.<\/p>\n","protected":false},"excerpt":{"rendered":"<p>Con motivo del Censo de Poblaci\u00f3n y Vivienda 2020, que el Instituto Nacional de Estad\u00edstica Geograf\u00eda e Inform\u00e1tica (Inegi) llevar\u00e1 a cabo durante el mes de marzo del a\u00f1o pr\u00f3ximo, el presidente municipal de Tula, Ismael Gadoth Tapia Ben\u00edtez, recibi\u00f3 al equipo responsable de coordinar el desarrollo del censo en esta regi\u00f3n, encabezados por Betsy [&hellip;]<\/p>\n","protected":false},"author":3,"featured_media":0,"comment_status":"open","ping_status":"open","sticky":false,"template":"","format":"standard","meta":{"footnotes":""},"categories":[40],"tags":[],"class_list":["post-94937","post","type-post","status-publish","format-standard","hentry","category-region"],"_links":{"self":[{"href":"https:\/\/plazajuarez.mx\/historico\/wp-json\/wp\/v2\/posts\/94937","targetHints":{"allow":["GET"]}}],"collection":[{"href":"https:\/\/plazajuarez.mx\/historico\/wp-json\/wp\/v2\/posts"}],"about":[{"href":"https:\/\/plazajuarez.mx\/historico\/wp-json\/wp\/v2\/types\/post"}],"author":[{"embeddable":true,"href":"https:\/\/plazajuarez.mx\/historico\/wp-json\/wp\/v2\/users\/3"}],"replies":[{"embeddable":true,"href":"https:\/\/plazajuarez.mx\/historico\/wp-json\/wp\/v2\/comments?post=94937"}],"version-history":[{"count":0,"href":"https:\/\/plazajuarez.mx\/historico\/wp-json\/wp\/v2\/posts\/94937\/revisions"}],"wp:attachment":[{"href":"https:\/\/plazajuarez.mx\/historico\/wp-json\/wp\/v2\/media?parent=94937"}],"wp:term":[{"taxonomy":"category","embeddable":true,"href":"https:\/\/plazajuarez.mx\/historico\/wp-json\/wp\/v2\/categories?post=94937"},{"taxonomy":"post_tag","embeddable":true,"href":"https:\/\/plazajuarez.mx\/historico\/wp-json\/wp\/v2\/tags?post=94937"}],"curies":[{"name":"wp","href":"https:\/\/api.w.org\/{rel}","templated":true}]}}