{"id":94936,"date":"2019-11-26T16:20:11","date_gmt":"2019-11-26T16:20:11","guid":{"rendered":"http:\/\/plazajuarez.mx\/index\/index.php\/2019\/11\/26\/marchan-contra-la-violencia-a-las-mujeres\/"},"modified":"2019-11-26T16:20:11","modified_gmt":"2019-11-26T16:20:11","slug":"marchan-contra-la-violencia-a-las-mujeres","status":"publish","type":"post","link":"https:\/\/plazajuarez.mx\/historico\/marchan-contra-la-violencia-a-las-mujeres\/","title":{"rendered":"Marchan contra la violencia a las mujeres  \u00a0"},"content":{"rendered":"<p>\u00a0<\/p>\n<p>En la marcha realizada con motivo del D\u00eda Internacional contra la violencia de G\u00e9nero, particip\u00f3 la diputada local Areli Maya Monzalvo, y diversas mujeres quienes encabezaron el contingente, acompa\u00f1adas de m\u00e1s de una centena de personas que se sumaron a esta actividad, que busca visibilizar esta problem\u00e1tica, portando motivos color naranja y pancartas alusivas a esta fecha.<\/p>\n<p>  <!--more-->  <\/p>\n<p>Al concluir la caminata, Martha Claudia Santander, dijo que el municipio de Mineral de la Reforma, comprometido con el cumplimiento del derecho de las mujeres a vivir sin violencia, ha venido trabajando contundentemente con las pol\u00edticas p\u00fablicas que le permitan reducir las desigualdades que generan esta condici\u00f3n social a trav\u00e9s del Instituto Municipal de las mujeres, organismo que brinda atenci\u00f3n integral a mujeres que han sido violentadas f\u00edsica y psicol\u00f3gicamente.<\/p>\n<p>\u201cEl IMM tambi\u00e9n ofrece a mujeres de Mineral de la Reforma, servicios sin costo de atenci\u00f3n psicol\u00f3gica, trabajo social, vinculaci\u00f3n al autoempleo por medio de cursos impartidos dentro y fuera del mismo instituto para encaminar proyectos micro-empresariales que les permitan tener una vida independiente en el tema econ\u00f3mico, asesor\u00edas legales, acompa\u00f1amiento y representaci\u00f3n jur\u00eddica, jornadas de salud con densitometr\u00edas y colposcopias a bajo costo, mastograf\u00edas gratuitas, entre otros servicios\u201d.<\/p>\n<p>\u00a0<\/p>\n","protected":false},"excerpt":{"rendered":"<p>\u00a0 En la marcha realizada con motivo del D\u00eda Internacional contra la violencia de G\u00e9nero, particip\u00f3 la diputada local Areli Maya Monzalvo, y diversas mujeres quienes encabezaron el contingente, acompa\u00f1adas de m\u00e1s de una centena de personas que se sumaron a esta actividad, que busca visibilizar esta problem\u00e1tica, portando motivos color naranja y pancartas alusivas [&hellip;]<\/p>\n","protected":false},"author":3,"featured_media":0,"comment_status":"open","ping_status":"open","sticky":false,"template":"","format":"standard","meta":{"footnotes":""},"categories":[40],"tags":[],"class_list":["post-94936","post","type-post","status-publish","format-standard","hentry","category-region"],"_links":{"self":[{"href":"https:\/\/plazajuarez.mx\/historico\/wp-json\/wp\/v2\/posts\/94936","targetHints":{"allow":["GET"]}}],"collection":[{"href":"https:\/\/plazajuarez.mx\/historico\/wp-json\/wp\/v2\/posts"}],"about":[{"href":"https:\/\/plazajuarez.mx\/historico\/wp-json\/wp\/v2\/types\/post"}],"author":[{"embeddable":true,"href":"https:\/\/plazajuarez.mx\/historico\/wp-json\/wp\/v2\/users\/3"}],"replies":[{"embeddable":true,"href":"https:\/\/plazajuarez.mx\/historico\/wp-json\/wp\/v2\/comments?post=94936"}],"version-history":[{"count":0,"href":"https:\/\/plazajuarez.mx\/historico\/wp-json\/wp\/v2\/posts\/94936\/revisions"}],"wp:attachment":[{"href":"https:\/\/plazajuarez.mx\/historico\/wp-json\/wp\/v2\/media?parent=94936"}],"wp:term":[{"taxonomy":"category","embeddable":true,"href":"https:\/\/plazajuarez.mx\/historico\/wp-json\/wp\/v2\/categories?post=94936"},{"taxonomy":"post_tag","embeddable":true,"href":"https:\/\/plazajuarez.mx\/historico\/wp-json\/wp\/v2\/tags?post=94936"}],"curies":[{"name":"wp","href":"https:\/\/api.w.org\/{rel}","templated":true}]}}