{"id":94934,"date":"2019-11-26T16:17:09","date_gmt":"2019-11-26T16:17:09","guid":{"rendered":"http:\/\/plazajuarez.mx\/index\/index.php\/2019\/11\/26\/esperan-documentacion-que-acredite-eleccion-de-representante-indigena\/"},"modified":"2019-11-26T16:17:09","modified_gmt":"2019-11-26T16:17:09","slug":"esperan-documentacion-que-acredite-eleccion-de-representante-indigena","status":"publish","type":"post","link":"https:\/\/plazajuarez.mx\/historico\/esperan-documentacion-que-acredite-eleccion-de-representante-indigena\/","title":{"rendered":"Esperan documentaci\u00f3n que acredite  \u00a0elecci\u00f3n de representante ind\u00edgena"},"content":{"rendered":"<p>\u00a0<\/p>\n<p>Con esa documentaci\u00f3n se permitir\u00e1 establecer, si se dio o no cumplimiento a la obligaci\u00f3n de convocar oportunamente a los integrantes de la comunidad, precisando el objeto de la convocatoria; lugar, d\u00eda y hora de la asamblea electiva; identificaci\u00f3n de quienes condujeron la reuni\u00f3n o asamblea, identificaci\u00f3n y n\u00famero de personas ind\u00edgenas asistentes, datos de identificaci\u00f3n de los participantes y la certeza de la identidad y legitimidad del \u00f3rgano comunitario.<\/p>\n<p>  <!--more-->  <\/p>\n<p>Lo anterior, para estar en la certeza de que la voluntad de la comunidad haya quedado plasmada en un acta o en cualquier evidencia objetiva que acredite la voluntad de la colectividad ind\u00edgena, que cuente con elementos m\u00ednimos, ciertos, objetivos y suficientes que permitan establecer el sentido de la aut\u00e9ntica voluntad de la comunidad de Santa Ana Hueytlalpan.<\/p>\n<p>Lo expuesto, es necesario para dar cumplimiento a la sentencia pronunciada en el juicio ST-JDC-118\/2019 por la Sala Regional Toluca del Tribunal Electoral del Poder Judicial de la Federaci\u00f3n.<\/p>\n<p>\u00a0<\/p>\n","protected":false},"excerpt":{"rendered":"<p>\u00a0 Con esa documentaci\u00f3n se permitir\u00e1 establecer, si se dio o no cumplimiento a la obligaci\u00f3n de convocar oportunamente a los integrantes de la comunidad, precisando el objeto de la convocatoria; lugar, d\u00eda y hora de la asamblea electiva; identificaci\u00f3n de quienes condujeron la reuni\u00f3n o asamblea, identificaci\u00f3n y n\u00famero de personas ind\u00edgenas asistentes, datos [&hellip;]<\/p>\n","protected":false},"author":3,"featured_media":0,"comment_status":"open","ping_status":"open","sticky":false,"template":"","format":"standard","meta":{"footnotes":""},"categories":[40],"tags":[],"class_list":["post-94934","post","type-post","status-publish","format-standard","hentry","category-region"],"_links":{"self":[{"href":"https:\/\/plazajuarez.mx\/historico\/wp-json\/wp\/v2\/posts\/94934","targetHints":{"allow":["GET"]}}],"collection":[{"href":"https:\/\/plazajuarez.mx\/historico\/wp-json\/wp\/v2\/posts"}],"about":[{"href":"https:\/\/plazajuarez.mx\/historico\/wp-json\/wp\/v2\/types\/post"}],"author":[{"embeddable":true,"href":"https:\/\/plazajuarez.mx\/historico\/wp-json\/wp\/v2\/users\/3"}],"replies":[{"embeddable":true,"href":"https:\/\/plazajuarez.mx\/historico\/wp-json\/wp\/v2\/comments?post=94934"}],"version-history":[{"count":0,"href":"https:\/\/plazajuarez.mx\/historico\/wp-json\/wp\/v2\/posts\/94934\/revisions"}],"wp:attachment":[{"href":"https:\/\/plazajuarez.mx\/historico\/wp-json\/wp\/v2\/media?parent=94934"}],"wp:term":[{"taxonomy":"category","embeddable":true,"href":"https:\/\/plazajuarez.mx\/historico\/wp-json\/wp\/v2\/categories?post=94934"},{"taxonomy":"post_tag","embeddable":true,"href":"https:\/\/plazajuarez.mx\/historico\/wp-json\/wp\/v2\/tags?post=94934"}],"curies":[{"name":"wp","href":"https:\/\/api.w.org\/{rel}","templated":true}]}}