{"id":94933,"date":"2019-11-26T16:15:49","date_gmt":"2019-11-26T16:15:49","guid":{"rendered":"http:\/\/plazajuarez.mx\/index\/index.php\/2019\/11\/26\/realizan-consejo-municipal-de-participacion\/"},"modified":"2019-11-26T16:15:49","modified_gmt":"2019-11-26T16:15:49","slug":"realizan-consejo-municipal-de-participacion","status":"publish","type":"post","link":"https:\/\/plazajuarez.mx\/historico\/realizan-consejo-municipal-de-participacion\/","title":{"rendered":"Realizan Consejo Municipal de participaci\u00f3n"},"content":{"rendered":"<p>Dulce Mar\u00eda Mu\u00f1oz, directora del \u00e1rea de Participaci\u00f3n Social, de la Secretar\u00eda de Educaci\u00f3n P\u00fablica de Hidalgo, dio la bienvenida y resalt\u00f3 que es prioridad que los centros escolares, a trav\u00e9s de los directivos y personal docente, cuenten con los conocimientos necesarios en materia de Protecci\u00f3n Civil<\/p>\n<p>  <!--more-->  <\/p>\n<p>Dijo que resulta importante conocer temas b\u00e1sicos como la se\u00f1al\u00e9tica, tel\u00e9fonos de emergencia y\u00a0 zonas de riesgo de cada una de las instituciones, entre otros, para poder atender cualquier contingencia que pueda presentarse.<\/p>\n<p>En su intervenci\u00f3n, Claudia Irene Guerrero, presidenta del DIF municipal, en representaci\u00f3n del alcalde, Humberto M\u00e9rida, se\u00f1al\u00f3 que ha sido una prioridad para este gobierno las acciones en pro de la educaci\u00f3n, \u201ces de gran importancia la participaci\u00f3n de todos los representantes de las escuelas y padres de familia, ya que un accidente puede presentarse en cualquier momento y el que se cuente con personal capacitado, es garant\u00eda y un apoyo para nosotros como autoridades, ciudadan\u00eda y como padres de familia\u201d.<\/p>\n<p>Juan Carlos Zamora Cruz,\u00a0presidente del Comit\u00e9 Municipal de Participaci\u00f3n y director del Sistema DIF Tolcayuca, agradeci\u00f3 el inter\u00e9s de quienes asistieron a la reuni\u00f3n, ya que es muestra de la importancia que este tema representa para sus centros educativos.<\/p>\n<p>Destac\u00f3 el trabajo del personal del \u00e1rea de Protecci\u00f3n Civil local y las facilidades que brinda en materia de capacitaci\u00f3n, por lo que hizo extensiva la invitaci\u00f3n para que m\u00e1s escuelas se unan a esta estrategia que ha implementado la SEP en la entidad, para atender de manera oportuna situaciones de emergencia.<\/p>\n<p>Andr\u00e9s Granados, director de Protecci\u00f3n Civil municipal, coment\u00f3 la propuesta que se present\u00f3, \u201cconsiste en poner en pr\u00e1ctica los conocimientos b\u00e1sicos sobre los protocolos de actuaci\u00f3n ante incidencias interescolares para que, en caso de una emergencia, se pueda brindar primeros auxilios\u201d.<\/p>\n","protected":false},"excerpt":{"rendered":"<p>Dulce Mar\u00eda Mu\u00f1oz, directora del \u00e1rea de Participaci\u00f3n Social, de la Secretar\u00eda de Educaci\u00f3n P\u00fablica de Hidalgo, dio la bienvenida y resalt\u00f3 que es prioridad que los centros escolares, a trav\u00e9s de los directivos y personal docente, cuenten con los conocimientos necesarios en materia de Protecci\u00f3n Civil<\/p>\n","protected":false},"author":3,"featured_media":0,"comment_status":"open","ping_status":"open","sticky":false,"template":"","format":"standard","meta":{"footnotes":""},"categories":[40],"tags":[],"class_list":["post-94933","post","type-post","status-publish","format-standard","hentry","category-region"],"_links":{"self":[{"href":"https:\/\/plazajuarez.mx\/historico\/wp-json\/wp\/v2\/posts\/94933","targetHints":{"allow":["GET"]}}],"collection":[{"href":"https:\/\/plazajuarez.mx\/historico\/wp-json\/wp\/v2\/posts"}],"about":[{"href":"https:\/\/plazajuarez.mx\/historico\/wp-json\/wp\/v2\/types\/post"}],"author":[{"embeddable":true,"href":"https:\/\/plazajuarez.mx\/historico\/wp-json\/wp\/v2\/users\/3"}],"replies":[{"embeddable":true,"href":"https:\/\/plazajuarez.mx\/historico\/wp-json\/wp\/v2\/comments?post=94933"}],"version-history":[{"count":0,"href":"https:\/\/plazajuarez.mx\/historico\/wp-json\/wp\/v2\/posts\/94933\/revisions"}],"wp:attachment":[{"href":"https:\/\/plazajuarez.mx\/historico\/wp-json\/wp\/v2\/media?parent=94933"}],"wp:term":[{"taxonomy":"category","embeddable":true,"href":"https:\/\/plazajuarez.mx\/historico\/wp-json\/wp\/v2\/categories?post=94933"},{"taxonomy":"post_tag","embeddable":true,"href":"https:\/\/plazajuarez.mx\/historico\/wp-json\/wp\/v2\/tags?post=94933"}],"curies":[{"name":"wp","href":"https:\/\/api.w.org\/{rel}","templated":true}]}}