{"id":94932,"date":"2019-11-26T16:09:17","date_gmt":"2019-11-26T16:09:17","guid":{"rendered":"http:\/\/plazajuarez.mx\/index\/index.php\/2019\/11\/26\/se-estableceran-programas-de-seguridad-escolar\/"},"modified":"2019-11-26T16:09:17","modified_gmt":"2019-11-26T16:09:17","slug":"se-estableceran-programas-de-seguridad-escolar","status":"publish","type":"post","link":"https:\/\/plazajuarez.mx\/historico\/se-estableceran-programas-de-seguridad-escolar\/","title":{"rendered":"Se establecer\u00e1n programas de seguridad escolar"},"content":{"rendered":"<p>\u00a0<\/p>\n<p>Josu\u00e9 Delgado Gonz\u00e1lez, director de Prevenci\u00f3n del Delito, inform\u00f3 que en trabajo conjunto con directivos, comunidad docente y alumnos de la Universidad Pedag\u00f3gica Nacional, establecer\u00e1n programas de seguridad escolar e igualmente, medios de contacto para el reporte de personas, veh\u00edculos o situaciones que impliquen despliegue policial para inhibir conductas delictivas.<\/p>\n<p>  <!--more-->  <\/p>\n<p>El funcionario dijo que se seguir\u00e1 el mecanismo que ha dado resultado en otros planteles, entre ellos, la habilitaci\u00f3n de alarmas vecinales al interior de las instituciones y en puntos exteriores a ellas.<\/p>\n<p>As\u00ed mismo, se conforman redes de seguridad a trav\u00e9s de WhatsApp en las que se integra a alumnado a fin de tener una reacci\u00f3n inmediata ante cualquier hecho que se reporte como eventualidad.<\/p>\n<p>Las acciones a implementar en la UPN ser\u00e1n compartidas en el marco de una reuni\u00f3n de trabajo que se sostendr\u00e1 en esta semana ya que el objetivo es afianzar que los alumnos perciban proximidad social de las corporaciones, tanto al ingreso como en la salida de la formaci\u00f3n escolar.<\/p>\n<p>\u00danicamente para centros educativos han sido instaladas 120\u00a0 alarmas vecinales y se espera que otros planteles se sumen ya que la indicaci\u00f3n del orden estatal es integrar a planteles como p\u00fablicos y privados.<\/p>\n<p>Otras estrategias que tambi\u00e9n se aplican para la seguridad escolar son: operativos sorpresivos, capacitaci\u00f3n para la autoprotecci\u00f3n, sugerencia de resguardo de bienes con valor en periodos vacacionales y reforzamiento de cerraduras y chapas, as\u00ed como incremento de candados en puertas de acceso as\u00ed como en ventanales.<\/p>\n<p>Por instrucciones del presidente municipal, Fernando P\u00e9rez Rodr\u00edguez, la Secretaria de Seguridad Ciudadana desarrolla trabajo continuo en escuelas y hay disposici\u00f3n de incluir a todas las que as\u00ed lo soliciten para emprender labor de prevenci\u00f3n, adem\u00e1s de que tambi\u00e9n ser\u00e1 reforzado el tema de alumbrado p\u00fablico y lo necesario en planteles educativos.<\/p>\n<p>En trabajos recientes con escolares, el pasado 22 de noviembre se aplic\u00f3 estrategia de prevenci\u00f3n escolar (antes Operativo Mochila) en la Universidad Polit\u00e9cnica de Tulancingo y se prev\u00e9 que en el presente ciclo escolar la medida llegue a todos los niveles de formaci\u00f3n escolar.<\/p>\n","protected":false},"excerpt":{"rendered":"<p>\u00a0 Josu\u00e9 Delgado Gonz\u00e1lez, director de Prevenci\u00f3n del Delito, inform\u00f3 que en trabajo conjunto con directivos, comunidad docente y alumnos de la Universidad Pedag\u00f3gica Nacional, establecer\u00e1n programas de seguridad escolar e igualmente, medios de contacto para el reporte de personas, veh\u00edculos o situaciones que impliquen despliegue policial para inhibir conductas delictivas.<\/p>\n","protected":false},"author":3,"featured_media":0,"comment_status":"open","ping_status":"open","sticky":false,"template":"","format":"standard","meta":{"footnotes":""},"categories":[40],"tags":[],"class_list":["post-94932","post","type-post","status-publish","format-standard","hentry","category-region"],"_links":{"self":[{"href":"https:\/\/plazajuarez.mx\/historico\/wp-json\/wp\/v2\/posts\/94932","targetHints":{"allow":["GET"]}}],"collection":[{"href":"https:\/\/plazajuarez.mx\/historico\/wp-json\/wp\/v2\/posts"}],"about":[{"href":"https:\/\/plazajuarez.mx\/historico\/wp-json\/wp\/v2\/types\/post"}],"author":[{"embeddable":true,"href":"https:\/\/plazajuarez.mx\/historico\/wp-json\/wp\/v2\/users\/3"}],"replies":[{"embeddable":true,"href":"https:\/\/plazajuarez.mx\/historico\/wp-json\/wp\/v2\/comments?post=94932"}],"version-history":[{"count":0,"href":"https:\/\/plazajuarez.mx\/historico\/wp-json\/wp\/v2\/posts\/94932\/revisions"}],"wp:attachment":[{"href":"https:\/\/plazajuarez.mx\/historico\/wp-json\/wp\/v2\/media?parent=94932"}],"wp:term":[{"taxonomy":"category","embeddable":true,"href":"https:\/\/plazajuarez.mx\/historico\/wp-json\/wp\/v2\/categories?post=94932"},{"taxonomy":"post_tag","embeddable":true,"href":"https:\/\/plazajuarez.mx\/historico\/wp-json\/wp\/v2\/tags?post=94932"}],"curies":[{"name":"wp","href":"https:\/\/api.w.org\/{rel}","templated":true}]}}