{"id":94931,"date":"2019-11-26T16:08:16","date_gmt":"2019-11-26T16:08:16","guid":{"rendered":"http:\/\/plazajuarez.mx\/index\/index.php\/2019\/11\/26\/rechaza-fecal-corrupcion-por-estela-de-luz\/"},"modified":"2019-11-26T16:08:16","modified_gmt":"2019-11-26T16:08:16","slug":"rechaza-fecal-corrupcion-por-estela-de-luz","status":"publish","type":"post","link":"https:\/\/plazajuarez.mx\/historico\/rechaza-fecal-corrupcion-por-estela-de-luz\/","title":{"rendered":"Rechaza Fecal corrupci\u00f3n por &#8220;Estela de Luz&#8221;"},"content":{"rendered":"<p>\u00a0<\/p>\n<p>\u00a0Dijo que incluso, en la demanda, se usan\u00a0 frases coloquiales del gobierno como chivos expiatorios pero es fr\u00edvola e improcedente&#8221;, estim\u00f3 el ex mandatario, al ver detr\u00e1s de ella la intenci\u00f3n de desviar la atenci\u00f3n de los graves problemas nacionales.\u00a0<\/p>\n<p>  <!--more-->  <\/p>\n<p>En la querella &#8220;ni siquiera hay un acto que espec\u00edficamente se me impute a ese respecto, salvo el de ser Presidente de la Rep\u00fablica, y como tal, haber impulsado la Construcci\u00f3n de ese Monumento Conmemorativo&#8221;, sostuvo.<\/p>\n<p>En un comunicado Calder\u00f3n desestim\u00f3 as\u00ed la denuncia presentada ayer por empleados de la empresa que construy\u00f3 esa mega obra, a trav\u00e9s del abogado Gabriel Regino Garc\u00eda, y en la que se le acusa al \u00e9l, a la ex jefa de la oficina de la Presidencia, Patricia Flores, entre otros, por abuso de autoridad y ejercicio indebido de funciones pues a su juicio el fin de la obra fue concretar un esquema de desv\u00edo de recursos.<\/p>\n<p>GOBERNADORES DEL PAN EN DESACUERDO CON PEF 2020<\/p>\n<p>La Asociaci\u00f3n de Gobernadores de Acci\u00f3n Nacional (GOAN) expres\u00f3 su desacuerdo por la integraci\u00f3n final del Presupuesto de Egresos de la Federaci\u00f3n 2020 debido a recortes &#8220;dram\u00e1ticos&#8221;.<\/p>\n<p>En Twitter comunicaron que se obtuvieron resultados en rubros como participaciones, aportaciones y proyectos espec\u00edficos, no obstante se\u00f1alaron que hay recortes &#8220;dram\u00e1ticos&#8221;.\u00a0<\/p>\n<p>Los Gobernadores de Acci\u00f3n Nacional agregaron que el dif\u00edcil contexto econ\u00f3mico demanda un presupuesto que inyecte recursos a proyectos detonadores de empleo y advirtieron que de no ser as\u00ed el PEF 2020 alienta el freno a actividades que generen crecimiento y desarrollo.<\/p>\n","protected":false},"excerpt":{"rendered":"<p>\u00a0 \u00a0Dijo que incluso, en la demanda, se usan\u00a0 frases coloquiales del gobierno como chivos expiatorios pero es fr\u00edvola e improcedente&#8221;, estim\u00f3 el ex mandatario, al ver detr\u00e1s de ella la intenci\u00f3n de desviar la atenci\u00f3n de los graves problemas nacionales.\u00a0<\/p>\n","protected":false},"author":3,"featured_media":0,"comment_status":"open","ping_status":"open","sticky":false,"template":"","format":"standard","meta":{"footnotes":""},"categories":[36],"tags":[],"class_list":["post-94931","post","type-post","status-publish","format-standard","hentry","category-nacion"],"_links":{"self":[{"href":"https:\/\/plazajuarez.mx\/historico\/wp-json\/wp\/v2\/posts\/94931","targetHints":{"allow":["GET"]}}],"collection":[{"href":"https:\/\/plazajuarez.mx\/historico\/wp-json\/wp\/v2\/posts"}],"about":[{"href":"https:\/\/plazajuarez.mx\/historico\/wp-json\/wp\/v2\/types\/post"}],"author":[{"embeddable":true,"href":"https:\/\/plazajuarez.mx\/historico\/wp-json\/wp\/v2\/users\/3"}],"replies":[{"embeddable":true,"href":"https:\/\/plazajuarez.mx\/historico\/wp-json\/wp\/v2\/comments?post=94931"}],"version-history":[{"count":0,"href":"https:\/\/plazajuarez.mx\/historico\/wp-json\/wp\/v2\/posts\/94931\/revisions"}],"wp:attachment":[{"href":"https:\/\/plazajuarez.mx\/historico\/wp-json\/wp\/v2\/media?parent=94931"}],"wp:term":[{"taxonomy":"category","embeddable":true,"href":"https:\/\/plazajuarez.mx\/historico\/wp-json\/wp\/v2\/categories?post=94931"},{"taxonomy":"post_tag","embeddable":true,"href":"https:\/\/plazajuarez.mx\/historico\/wp-json\/wp\/v2\/tags?post=94931"}],"curies":[{"name":"wp","href":"https:\/\/api.w.org\/{rel}","templated":true}]}}