{"id":94930,"date":"2019-11-26T16:07:10","date_gmt":"2019-11-26T16:07:10","guid":{"rendered":"http:\/\/plazajuarez.mx\/index\/index.php\/2019\/11\/26\/economia-cayo-en-recesion-tecnica-inegi\/"},"modified":"2019-11-26T16:07:10","modified_gmt":"2019-11-26T16:07:10","slug":"economia-cayo-en-recesion-tecnica-inegi","status":"publish","type":"post","link":"https:\/\/plazajuarez.mx\/historico\/economia-cayo-en-recesion-tecnica-inegi\/","title":{"rendered":"Econom\u00eda cay\u00f3 en recesi\u00f3n t\u00e9cnica: Inegi"},"content":{"rendered":"<p>El Instituto Nacional de Estad\u00edstica y Geograf\u00eda (Inegi) inform\u00f3 que la econom\u00eda mexicana s\u00ed estuvo en recesi\u00f3n t\u00e9cnica entre finales de 2018 y la primera mitad de 2019, luego de corregir su serie de datos del Producto Interno Bruto (PIB).<\/p>\n<p>  <!--more-->  <\/p>\n<p>La instituci\u00f3n report\u00f3 que la econom\u00eda mexicana present\u00f3 una tasa nula de crecimiento en el tercer trimestre de 2019 con relaci\u00f3n al trimestre inmediato anterior, tras descontar la inflaci\u00f3n y estacionalidad.<\/p>\n<p>Inegi modific\u00f3 su serie de datos anteriores y se\u00f1al\u00f3 que el PIB se contrajo 0.1% tanto en el segundo como en el primer trimestre de 2019, al igual que en el cuarto per\u00edodo de 2018.<\/p>\n<p>Se trata de tres trimestres consecutivos de retrocesos, lo que confirma que la econom\u00eda nacional cay\u00f3 en recesi\u00f3n t\u00e9cnica por primera vez desde la crisis internacional de 2009.<\/p>\n<p>HAY ESTANCAMIENTO ECON\u00d3MICO, NO RECESI\u00d3N: BANQUEROS<\/p>\n<p>El presidente de la Asociaci\u00f3n de Bancos de M\u00e9xico (ABM) Luis Ni\u00f1o de Rivera dijo que la econom\u00eda mexicana se encuentra en estancamiento pero no en recesi\u00f3n, debido a que no hay una ca\u00edda generalizada de la actividad en el pa\u00eds.<\/p>\n<p>&#8220;Hay sectores de la econom\u00eda que van muy bien y otros que no. El conjunto es cero crecimiento. Podemos hablar de un estancamiento y eso es correcto. Lo importante es qu\u00e9 herramientas tenemos para darle la vuelta&#8221;.<\/p>\n<p>En conferencia de prensa, Ni\u00f1o de Rivera explic\u00f3 que tendr\u00eda que haber una contracci\u00f3n generalizada de la econom\u00eda y prolongada para llegar a definirlo como una recesi\u00f3n.<\/p>\n<p>Ante la presentaci\u00f3n del Plan Nacional de Infraestructura por parte del gobierno para este martes la ABM prepara 600 mil millones de pesos en financiamiento para los proyectos que se generen.<\/p>\n","protected":false},"excerpt":{"rendered":"<p>El Instituto Nacional de Estad\u00edstica y Geograf\u00eda (Inegi) inform\u00f3 que la econom\u00eda mexicana s\u00ed estuvo en recesi\u00f3n t\u00e9cnica entre finales de 2018 y la primera mitad de 2019, luego de corregir su serie de datos del Producto Interno Bruto (PIB).<\/p>\n","protected":false},"author":3,"featured_media":0,"comment_status":"open","ping_status":"open","sticky":false,"template":"","format":"standard","meta":{"footnotes":""},"categories":[36],"tags":[],"class_list":["post-94930","post","type-post","status-publish","format-standard","hentry","category-nacion"],"_links":{"self":[{"href":"https:\/\/plazajuarez.mx\/historico\/wp-json\/wp\/v2\/posts\/94930","targetHints":{"allow":["GET"]}}],"collection":[{"href":"https:\/\/plazajuarez.mx\/historico\/wp-json\/wp\/v2\/posts"}],"about":[{"href":"https:\/\/plazajuarez.mx\/historico\/wp-json\/wp\/v2\/types\/post"}],"author":[{"embeddable":true,"href":"https:\/\/plazajuarez.mx\/historico\/wp-json\/wp\/v2\/users\/3"}],"replies":[{"embeddable":true,"href":"https:\/\/plazajuarez.mx\/historico\/wp-json\/wp\/v2\/comments?post=94930"}],"version-history":[{"count":0,"href":"https:\/\/plazajuarez.mx\/historico\/wp-json\/wp\/v2\/posts\/94930\/revisions"}],"wp:attachment":[{"href":"https:\/\/plazajuarez.mx\/historico\/wp-json\/wp\/v2\/media?parent=94930"}],"wp:term":[{"taxonomy":"category","embeddable":true,"href":"https:\/\/plazajuarez.mx\/historico\/wp-json\/wp\/v2\/categories?post=94930"},{"taxonomy":"post_tag","embeddable":true,"href":"https:\/\/plazajuarez.mx\/historico\/wp-json\/wp\/v2\/tags?post=94930"}],"curies":[{"name":"wp","href":"https:\/\/api.w.org\/{rel}","templated":true}]}}