{"id":94929,"date":"2019-11-26T16:06:16","date_gmt":"2019-11-26T16:06:16","guid":{"rendered":"http:\/\/plazajuarez.mx\/index\/index.php\/2019\/11\/26\/no-gusta-que-candidatas-sean-cercanas-a-amlo\/"},"modified":"2019-11-26T16:06:16","modified_gmt":"2019-11-26T16:06:16","slug":"no-gusta-que-candidatas-sean-cercanas-a-amlo","status":"publish","type":"post","link":"https:\/\/plazajuarez.mx\/historico\/no-gusta-que-candidatas-sean-cercanas-a-amlo\/","title":{"rendered":"\u201cNo gusta que candidatas sean cercanas a AMLO\u201d"},"content":{"rendered":"<p>A la Suprema Corte de Justicia de la Naci\u00f3n, dice Miguel \u00c1ngel Osorio Chong<\/p>\n<p>\u201cSin embargo lo vamos a analizar\u201d<\/p>\n<p>  <!--more-->  <\/p>\n<p>\u00a0El coordinador del PRI en el Senado, Miguel \u00c1ngel Osorio, expres\u00f3 que su bancada reconoce &#8220;las capacidades&#8221; de las candidatas a ministras de la Suprema Corte de Justicia de la Naci\u00f3n (SCJN), Diana \u00c1lvarez Maury, Ana Laura Magaloni y Margarita R\u00edos-Farjat, sin embargo, agreg\u00f3 que &#8220;no gusta&#8221; que \u00e9stas sean cercanas al presidente L\u00f3pez Obrador.\u00a0<\/p>\n<p>&#8220;Las tres son mujeres que les reconocemos sus capacidades. Lo que no gusta es que vengan directamente del ejecutivo, cercanas, cuando queremos un poder judicial aut\u00f3nomo. Lo que hay que reconocer, y que por ley as\u00ed est\u00e1, es que es una terna de mujeres y eso se est\u00e1 buscando: paridad en los \u00f3rganos&#8221;, dijo en conferencia de prensa.<\/p>\n<p>Mientras tanto el l\u00edder de los perredistas, Miguel \u00c1ngel Mancera, argument\u00f3 que antes de tomar una decisi\u00f3n para la vacante de la Suprema Corte, se debe escuchar y conocer sus planes de trabajo.\u00a0<\/p>\n","protected":false},"excerpt":{"rendered":"<p>A la Suprema Corte de Justicia de la Naci\u00f3n, dice Miguel \u00c1ngel Osorio Chong \u201cSin embargo lo vamos a analizar\u201d<\/p>\n","protected":false},"author":3,"featured_media":0,"comment_status":"open","ping_status":"open","sticky":false,"template":"","format":"standard","meta":{"footnotes":""},"categories":[36],"tags":[],"class_list":["post-94929","post","type-post","status-publish","format-standard","hentry","category-nacion"],"_links":{"self":[{"href":"https:\/\/plazajuarez.mx\/historico\/wp-json\/wp\/v2\/posts\/94929","targetHints":{"allow":["GET"]}}],"collection":[{"href":"https:\/\/plazajuarez.mx\/historico\/wp-json\/wp\/v2\/posts"}],"about":[{"href":"https:\/\/plazajuarez.mx\/historico\/wp-json\/wp\/v2\/types\/post"}],"author":[{"embeddable":true,"href":"https:\/\/plazajuarez.mx\/historico\/wp-json\/wp\/v2\/users\/3"}],"replies":[{"embeddable":true,"href":"https:\/\/plazajuarez.mx\/historico\/wp-json\/wp\/v2\/comments?post=94929"}],"version-history":[{"count":0,"href":"https:\/\/plazajuarez.mx\/historico\/wp-json\/wp\/v2\/posts\/94929\/revisions"}],"wp:attachment":[{"href":"https:\/\/plazajuarez.mx\/historico\/wp-json\/wp\/v2\/media?parent=94929"}],"wp:term":[{"taxonomy":"category","embeddable":true,"href":"https:\/\/plazajuarez.mx\/historico\/wp-json\/wp\/v2\/categories?post=94929"},{"taxonomy":"post_tag","embeddable":true,"href":"https:\/\/plazajuarez.mx\/historico\/wp-json\/wp\/v2\/tags?post=94929"}],"curies":[{"name":"wp","href":"https:\/\/api.w.org\/{rel}","templated":true}]}}