{"id":94928,"date":"2019-11-26T16:06:11","date_gmt":"2019-11-26T16:06:11","guid":{"rendered":"http:\/\/plazajuarez.mx\/index\/index.php\/2019\/11\/26\/que-eu-combata-desde-su-pais-a-carteles\/"},"modified":"2019-11-26T16:06:11","modified_gmt":"2019-11-26T16:06:11","slug":"que-eu-combata-desde-su-pais-a-carteles","status":"publish","type":"post","link":"https:\/\/plazajuarez.mx\/historico\/que-eu-combata-desde-su-pais-a-carteles\/","title":{"rendered":"&#8220;Que EU combata desde su pa\u00eds a c\u00e1rteles&#8221;"},"content":{"rendered":"<p>\u00a0Respecto a la petici\u00f3n al gobierno de EU por parte de la familia LeBar\u00f3n, de designar como terroristas a los c\u00e1rteles mexicanos, el coordinador del PRD en el Senado, Miguel \u00c1ngel Mancera, coment\u00f3 que EU debe combatir desde su pa\u00eds a las organizaciones criminales mexicanas.<\/p>\n<p>  <!--more-->  <\/p>\n<p>&#8220;Lo m\u00e1s importante es que EU combatan desde los EU a las organizaciones criminales mexicanas. Ah\u00ed est\u00e1n los n\u00fameros de la DEA, las cifras, los informes. Se tiene que hacer un trabajo conjunto, no solamente de M\u00e9xico, es un trabajo binacional&#8221;, explic\u00f3.<\/p>\n<p>Por otra parte, el l\u00edder de la bancada priista en la C\u00e1mara Alta, Miguel \u00c1ngel Osorio Chong coment\u00f3 que su partido rechaza cualquier intervenci\u00f3n del pa\u00eds vecino.<\/p>\n<p>&#8220;Nunca se ha permitido y no debemos abrir paso a ello, tenemos capacidades suficientes los mexicanos para poder enfrentar este tipo de retos, yo creo que lo que hace falta es buscar una estrategia que d\u00e9 mejores resultados. Hay que resolver casos como los de la familia LeBar\u00f3n para que evitemos se repitan\u201d se\u00f1al\u00f3 sobre alguna intervenci\u00f3n.<\/p>\n","protected":false},"excerpt":{"rendered":"<p>\u00a0Respecto a la petici\u00f3n al gobierno de EU por parte de la familia LeBar\u00f3n, de designar como terroristas a los c\u00e1rteles mexicanos, el coordinador del PRD en el Senado, Miguel \u00c1ngel Mancera, coment\u00f3 que EU debe combatir desde su pa\u00eds a las organizaciones criminales mexicanas.<\/p>\n","protected":false},"author":3,"featured_media":0,"comment_status":"open","ping_status":"open","sticky":false,"template":"","format":"standard","meta":{"footnotes":""},"categories":[36],"tags":[],"class_list":["post-94928","post","type-post","status-publish","format-standard","hentry","category-nacion"],"_links":{"self":[{"href":"https:\/\/plazajuarez.mx\/historico\/wp-json\/wp\/v2\/posts\/94928","targetHints":{"allow":["GET"]}}],"collection":[{"href":"https:\/\/plazajuarez.mx\/historico\/wp-json\/wp\/v2\/posts"}],"about":[{"href":"https:\/\/plazajuarez.mx\/historico\/wp-json\/wp\/v2\/types\/post"}],"author":[{"embeddable":true,"href":"https:\/\/plazajuarez.mx\/historico\/wp-json\/wp\/v2\/users\/3"}],"replies":[{"embeddable":true,"href":"https:\/\/plazajuarez.mx\/historico\/wp-json\/wp\/v2\/comments?post=94928"}],"version-history":[{"count":0,"href":"https:\/\/plazajuarez.mx\/historico\/wp-json\/wp\/v2\/posts\/94928\/revisions"}],"wp:attachment":[{"href":"https:\/\/plazajuarez.mx\/historico\/wp-json\/wp\/v2\/media?parent=94928"}],"wp:term":[{"taxonomy":"category","embeddable":true,"href":"https:\/\/plazajuarez.mx\/historico\/wp-json\/wp\/v2\/categories?post=94928"},{"taxonomy":"post_tag","embeddable":true,"href":"https:\/\/plazajuarez.mx\/historico\/wp-json\/wp\/v2\/tags?post=94928"}],"curies":[{"name":"wp","href":"https:\/\/api.w.org\/{rel}","templated":true}]}}