{"id":94925,"date":"2019-11-26T16:01:30","date_gmt":"2019-11-26T16:01:30","guid":{"rendered":"http:\/\/plazajuarez.mx\/index\/index.php\/2019\/11\/26\/marchan-por-victimas-de-la-violencia\/"},"modified":"2019-11-26T16:01:30","modified_gmt":"2019-11-26T16:01:30","slug":"marchan-por-victimas-de-la-violencia","status":"publish","type":"post","link":"https:\/\/plazajuarez.mx\/historico\/marchan-por-victimas-de-la-violencia\/","title":{"rendered":"Marchan por v\u00edctimas de la violencia"},"content":{"rendered":"<p>\u00a0<\/p>\n<p>El color verde abund\u00f3 en la plaza Independencia de Pachuca. Alrededor de las dos de la tarde, decenas de mujeres iniciaron las actividades para conmemorar el D\u00eda Internacional en Contra de la Violencia hacia las Mujeres y alrededor de las 17:30 horas un grupo de estudiantes de la Universidad Aut\u00f3noma del Estado de Hidalgo (UAEH) realizaron un performance por todas las personas desaparecidas en la entidad y exigieron justicia.<\/p>\n<p>  <!--more-->  <\/p>\n<p>Pasadas las seis de la tarde, un grupo de mujeres encendieron antorchas; encapuchadas con pa\u00f1uelos verdes, ped\u00edan justicia por todas las v\u00edctimas de violencia de g\u00e9nero. &#8220;Justicia para las presas por abortar&#8221;, fue una de los pintas en donde las manifestantes, pidieron no criminalizar a quienes deciden abortar.<\/p>\n<p>La marcha inici\u00f3, mujeres vestidas de negro pero en donde resaltaba el verde de los pa\u00f1uelos. Aproximadamente 200 personas, principalmente mujeres, caminaron por la calle de Guerrero, llegaron a Plaza Ju\u00e1rez y regresaron al reloj monumental.<\/p>\n<p>Al salir de la plaza independencia, el grupo de mujeres prendi\u00f3 fuego al piso, como referencia a eliminar cualquier tipo de violencia que se ejerza en contra de ellas. Denunciaron que desean poder caminar por las calles sin tener miedo y que el gobierno debe garantizar este derecho.<\/p>\n<p>Al pasar por Plaza Ju\u00e1rez, el contingente femenino detuvo el tr\u00e1fico y ante las molestias de los automovilistas, las mujeres gritaron por el derecho a poder decidir sobre sus cuerpos.<\/p>\n<p>Cuando la concentraci\u00f3n lleg\u00f3 a la glorieta Revoluci\u00f3n, una de las mujeres coloc\u00f3 un pa\u00f1uelo verde en los monumentos que se encuentran en dicha rotonda, y ante la celebraci\u00f3n de las dem\u00e1s mujeres, continuaron hac\u00eda la calle de Allende para terminar en la Plaza Independencia.<\/p>\n<p>El objetivo de la manifestaci\u00f3n es para exigir a los tres \u00f3rdenes de gobierno, la garant\u00eda y seguridad de la vida de las mujeres, para que puedan salir sin miedo y con el af\u00e1n de visibilizar la violencia ejercida hacia ellas.\u00a0<\/p>\n","protected":false},"excerpt":{"rendered":"<p>\u00a0 El color verde abund\u00f3 en la plaza Independencia de Pachuca. Alrededor de las dos de la tarde, decenas de mujeres iniciaron las actividades para conmemorar el D\u00eda Internacional en Contra de la Violencia hacia las Mujeres y alrededor de las 17:30 horas un grupo de estudiantes de la Universidad Aut\u00f3noma del Estado de Hidalgo [&hellip;]<\/p>\n","protected":false},"author":3,"featured_media":0,"comment_status":"open","ping_status":"open","sticky":false,"template":"","format":"standard","meta":{"footnotes":""},"categories":[59],"tags":[],"class_list":["post-94925","post","type-post","status-publish","format-standard","hentry","category-general"],"_links":{"self":[{"href":"https:\/\/plazajuarez.mx\/historico\/wp-json\/wp\/v2\/posts\/94925","targetHints":{"allow":["GET"]}}],"collection":[{"href":"https:\/\/plazajuarez.mx\/historico\/wp-json\/wp\/v2\/posts"}],"about":[{"href":"https:\/\/plazajuarez.mx\/historico\/wp-json\/wp\/v2\/types\/post"}],"author":[{"embeddable":true,"href":"https:\/\/plazajuarez.mx\/historico\/wp-json\/wp\/v2\/users\/3"}],"replies":[{"embeddable":true,"href":"https:\/\/plazajuarez.mx\/historico\/wp-json\/wp\/v2\/comments?post=94925"}],"version-history":[{"count":0,"href":"https:\/\/plazajuarez.mx\/historico\/wp-json\/wp\/v2\/posts\/94925\/revisions"}],"wp:attachment":[{"href":"https:\/\/plazajuarez.mx\/historico\/wp-json\/wp\/v2\/media?parent=94925"}],"wp:term":[{"taxonomy":"category","embeddable":true,"href":"https:\/\/plazajuarez.mx\/historico\/wp-json\/wp\/v2\/categories?post=94925"},{"taxonomy":"post_tag","embeddable":true,"href":"https:\/\/plazajuarez.mx\/historico\/wp-json\/wp\/v2\/tags?post=94925"}],"curies":[{"name":"wp","href":"https:\/\/api.w.org\/{rel}","templated":true}]}}